{"id":6387,"date":"2022-01-04T10:11:01","date_gmt":"2022-01-04T12:11:01","guid":{"rendered":"https:\/\/www.confere.org.br\/wordpress\/?p=6387"},"modified":"2022-01-21T07:21:52","modified_gmt":"2022-01-21T09:21:52","slug":"eleicao-core-rn-trienio-2022-2025","status":"publish","type":"post","link":"https:\/\/www.confere.org.br\/wordpress\/eleicao-core-rn-trienio-2022-2025\/","title":{"rendered":"ELEI\u00c7\u00c3O CORE-RN  &#8211; TRI\u00caNIO 2022\/2025"},"content":{"rendered":"\n<p>1.&nbsp;Edital<br><a rel=\"noreferrer noopener\" href=\"https:\/\/www.confere.org.br\/wordpress\/wp-content\/uploads\/2022\/01\/EDITAL-DE-CONVOCACAO.pdf\" target=\"_blank\">&#8211; Publicado no Di\u00e1rio Oficial da Uni\u00e3o no dia 31.12.21<\/a><br><a rel=\"noreferrer noopener\" href=\"https:\/\/www.confere.org.br\/wordpress\/wp-content\/uploads\/2022\/01\/EDITAL-TRIBUNA-DO-NORTE.pdf\" target=\"_blank\">&#8211; Publicado no Jornal Tribuna do Norte no dia 31.12.21<\/a><\/p>\n\n\n\n<p>2.&nbsp;<a href=\"https:\/\/www.confere.org.br\/wordpress\/wp-content\/uploads\/2022\/01\/REGULAMENTO-ELEITORAL-PAPEL-TIMBRADO.pdf\" target=\"_blank\" rel=\"noreferrer noopener\">Regulamento Eleitoral<\/a><\/p>\n\n\n\n<p>3.&nbsp;<a href=\"https:\/\/www.confere.org.br\/wordpress\/wp-content\/uploads\/2022\/01\/REQUERIMENTO-DE-REGISTRO-DE-CHAPA-CORE-RN.pdf\" target=\"_blank\" rel=\"noreferrer noopener\">Requerimento de Registro de Chapa<\/a><\/p>\n\n\n\n<p>4.&nbsp;<a href=\"https:\/\/www.confere.org.br\/wordpress\/wp-content\/uploads\/2022\/01\/FICHA-DE-QUALIFICACAO-CORE-RN.pdf\" target=\"_blank\" rel=\"noreferrer noopener\">Ficha de Qualifica\u00e7\u00e3o<\/a><\/p>\n\n\n\n<p>5.&nbsp;<a rel=\"noreferrer noopener\" href=\"https:\/\/www.confere.org.br\/wordpress\/wp-content\/uploads\/2022\/01\/DECLARACAO-DE-AQUIESCENCIA-CORE-RN.pdf\" target=\"_blank\">Declara\u00e7\u00e3o de Aquiesc\u00eancia<\/a><\/p>\n\n\n\n<p>6. Resolu\u00e7\u00e3o n\u00ba 1.198\/2021 &#8211; Confere<br>&#8211; <a rel=\"noreferrer noopener\" href=\"https:\/\/www.confere.org.br\/wordpress\/wp-content\/uploads\/2022\/01\/RESOLUCAO-1198_2021_CORE-RN.pdf\" target=\"_blank\">Publicado no Di\u00e1rio Oficial da Uni\u00e3o no dia 31.12.21<\/a><\/p>\n\n\n\n<p>7. Aviso de Registro de Chapa<br><a href=\"https:\/\/www.confere.org.br\/wordpress\/wp-content\/uploads\/2022\/01\/AVISO-DE-REGISTRO-DE-CHAPA_CORE-RN_2022_2025.pdf\" target=\"_blank\" rel=\"noreferrer noopener\">&#8211; Elei\u00e7\u00e3o Core-RN &#8211; Tri\u00eanio 2022\/2025 &#8211; 20.01.2022<\/a><br><a href=\"https:\/\/www.confere.org.br\/wordpress\/wp-content\/uploads\/2022\/01\/REGISTRO-DE-CHAPA-CORE-RN-PDF.pdf\" target=\"_blank\" rel=\"noreferrer noopener\">&#8211; Publicado no Di\u00e1rio Oficial da Uni\u00e3o em 20.01.2022<\/a><br>&#8211; <a href=\"https:\/\/www.confere.org.br\/wordpress\/wp-content\/uploads\/2022\/01\/REGISTRO-DE-CHAPA-TRIBUNA-DO-NORTE.pdf\" target=\"_blank\" rel=\"noreferrer noopener\">Publicado no Jornal Tribuna do Norte 20.01.2022<\/a><\/p>\n","protected":false},"excerpt":{"rendered":"<p>Processo Eleitoral para composi\u00e7\u00e3o do Core-RN<\/p>\n","protected":false},"author":3,"featured_media":0,"comment_status":"closed","ping_status":"closed","sticky":false,"template":"","format":"standard","meta":[],"categories":[43],"tags":[],"_links":{"self":[{"href":"https:\/\/www.confere.org.br\/wordpress\/wp-json\/wp\/v2\/posts\/6387"}],"collection":[{"href":"https:\/\/www.confere.org.br\/wordpress\/wp-json\/wp\/v2\/posts"}],"about":[{"href":"https:\/\/www.confere.org.br\/wordpress\/wp-json\/wp\/v2\/types\/post"}],"author":[{"embeddable":true,"href":"https:\/\/www.confere.org.br\/wordpress\/wp-json\/wp\/v2\/users\/3"}],"replies":[{"embeddable":true,"href":"https:\/\/www.confere.org.br\/wordpress\/wp-json\/wp\/v2\/comments?post=6387"}],"version-history":[{"count":3,"href":"https:\/\/www.confere.org.br\/wordpress\/wp-json\/wp\/v2\/posts\/6387\/revisions"}],"predecessor-version":[{"id":6452,"href":"https:\/\/www.confere.org.br\/wordpress\/wp-json\/wp\/v2\/posts\/6387\/revisions\/6452"}],"wp:attachment":[{"href":"https:\/\/www.confere.org.br\/wordpress\/wp-json\/wp\/v2\/media?parent=6387"}],"wp:term":[{"taxonomy":"category","embeddable":true,"href":"https:\/\/www.confere.org.br\/wordpress\/wp-json\/wp\/v2\/categories?post=6387"},{"taxonomy":"post_tag","embeddable":true,"href":"https:\/\/www.confere.org.br\/wordpress\/wp-json\/wp\/v2\/tags?post=6387"}],"curies":[{"name":"wp","href":"https:\/\/api.w.org\/{rel}","templated":true}]}}