{"id":6391,"date":"2022-01-04T14:13:07","date_gmt":"2022-01-04T16:13:07","guid":{"rendered":"https:\/\/www.confere.org.br\/wordpress\/?p=6391"},"modified":"2022-01-04T14:13:08","modified_gmt":"2022-01-04T16:13:08","slug":"agronegocios-brasil-abre-mercados-para-carne-bovina-lacteos-e-material-genetico","status":"publish","type":"post","link":"https:\/\/www.confere.org.br\/wordpress\/agronegocios-brasil-abre-mercados-para-carne-bovina-lacteos-e-material-genetico\/","title":{"rendered":"Agroneg\u00f3cios: Brasil abre mercados para carne bovina, l\u00e1cteos e material gen\u00e9tico"},"content":{"rendered":"\n<p>O Brasil passar\u00e1 a exportar carne bovina, l\u00e1cteos e material gen\u00e9tico av\u00edcola e bovino para novos pa\u00edses. Oito mercados para produtos agr\u00edcolas brasileiros foram abertos em dezembro, segundo informa\u00e7\u00f5es da Secretaria de Com\u00e9rcio e Rela\u00e7\u00f5es Internacionais do Minist\u00e9rio da Agricultura.<\/p>\n\n\n\n<p>A mais recente foi a possibilidade de exportar fibroblasto bovino para fins de clonagem do Brasil para a Argentina, que foi formalizada na \u00faltima quinta-feira (30) com aceite de protocolos fitossanit\u00e1rios pelos dois pa\u00edses.<\/p>\n\n\n\n<p>Ainda no fim de dezembro, Cuba liberou a entrada de embri\u00e3o e s\u00eamen bovino do Brasil. A Mal\u00e1sia permitiu a importa\u00e7\u00e3o de carne bovina brasileira e mi\u00fados de origem bovina do Pa\u00eds.<\/p>\n\n\n\n<p>Para a Col\u00f4mbia, o Brasil obteve aval para exportar farinha de carne e ossos e sebo bovino. O M\u00e9xico autorizou a comercializa\u00e7\u00e3o de l\u00e1cteos brasileiros e a Uganda de material gen\u00e9tico av\u00edcola do Brasil.<\/p>\n\n\n\n<p>Em 2021, a pasta totalizou 77 a\u00e7\u00f5es de aberturas de mercados, o que significa a possibilidade de comercializar um novo produto por parceiro comercial. Em novembro, mercados da Uganda e da Jord\u00e2nia foram abertos para material gen\u00e9tico av\u00edcola do Brasil.<\/p>\n\n\n\n<p>Em outubro, 12 a\u00e7\u00f5es de abertura comercial foram reportadas, sendo dez delas envolvendo a possibilidade de exportar sementes para o Egito.<\/p>\n\n\n\n<p>Em setembro, outros oito mercados foram abertos para produtos brasileiros, incluindo bovinos vivos, ovos f\u00e9rteis e pintos de um dia, material gen\u00e9tico av\u00edcola e bovina, farinhas de origem animal, produtos para alimenta\u00e7\u00e3o animal e gengibre. Em agosto, as aberturas envolveram pescado, sementes e material gen\u00e9tico.<\/p>\n\n\n\n<p>Em julho, novos mercados foram abertos para sementes de mel\u00e3o, caf\u00e9 ar\u00e1bica e coco do Brasil. Em junho, o destaque foi a libera\u00e7\u00e3o de carne bovina e material gen\u00e9tico bovino para o I\u00eamen. Em maio, as permiss\u00f5es envolveram ma\u00e7\u00e3s e gergelim.<\/p>\n\n\n\n<p>Em abril, as aberturas envolveram bovinos vivos, ovos f\u00e9rteis e mudas de coco. Em mar\u00e7o, o Pa\u00eds obteve permiss\u00e3o para exportar ovos in natura, material gen\u00e9tico animal, frutas e itens de alimenta\u00e7\u00e3o animal a novos pa\u00edses.<\/p>\n\n\n\n<p>Em fevereiro, o destaque foi a abertura para o setor de prote\u00edna animal com libera\u00e7\u00e3o para exportar bovinos vivos, material gen\u00e9tico bovino e carne su\u00edna e derivados ao Camboja. E em janeiro, os destaques foram permiss\u00e3o para exportar carne de ovinos e mi\u00fados bovinos.<\/p>\n\n\n\n<p><br><br>Fonte: <a href=\"https:\/\/www.infomoney.com.br\/economia\/agronegocios-brasil-abre-mercados-para-carne-bovina-lacteos-e-material-genetico\/\" target=\"_blank\" rel=\"noreferrer noopener\">Info Money<\/a><\/p>\n","protected":false},"excerpt":{"rendered":"<p>Oito mercados para produtos agr\u00edcolas brasileiros foram abertos em dezembro<\/p>\n","protected":false},"author":3,"featured_media":6392,"comment_status":"closed","ping_status":"closed","sticky":false,"template":"","format":"standard","meta":[],"categories":[2],"tags":[],"_links":{"self":[{"href":"https:\/\/www.confere.org.br\/wordpress\/wp-json\/wp\/v2\/posts\/6391"}],"collection":[{"href":"https:\/\/www.confere.org.br\/wordpress\/wp-json\/wp\/v2\/posts"}],"about":[{"href":"https:\/\/www.confere.org.br\/wordpress\/wp-json\/wp\/v2\/types\/post"}],"author":[{"embeddable":true,"href":"https:\/\/www.confere.org.br\/wordpress\/wp-json\/wp\/v2\/users\/3"}],"replies":[{"embeddable":true,"href":"https:\/\/www.confere.org.br\/wordpress\/wp-json\/wp\/v2\/comments?post=6391"}],"version-history":[{"count":1,"href":"https:\/\/www.confere.org.br\/wordpress\/wp-json\/wp\/v2\/posts\/6391\/revisions"}],"predecessor-version":[{"id":6393,"href":"https:\/\/www.confere.org.br\/wordpress\/wp-json\/wp\/v2\/posts\/6391\/revisions\/6393"}],"wp:featuredmedia":[{"embeddable":true,"href":"https:\/\/www.confere.org.br\/wordpress\/wp-json\/wp\/v2\/media\/6392"}],"wp:attachment":[{"href":"https:\/\/www.confere.org.br\/wordpress\/wp-json\/wp\/v2\/media?parent=6391"}],"wp:term":[{"taxonomy":"category","embeddable":true,"href":"https:\/\/www.confere.org.br\/wordpress\/wp-json\/wp\/v2\/categories?post=6391"},{"taxonomy":"post_tag","embeddable":true,"href":"https:\/\/www.confere.org.br\/wordpress\/wp-json\/wp\/v2\/tags?post=6391"}],"curies":[{"name":"wp","href":"https:\/\/api.w.org\/{rel}","templated":true}]}}