{"id":6423,"date":"2022-01-14T13:27:42","date_gmt":"2022-01-14T15:27:42","guid":{"rendered":"https:\/\/www.confere.org.br\/wordpress\/?p=6423"},"modified":"2022-01-14T13:27:45","modified_gmt":"2022-01-14T15:27:45","slug":"vendas-do-comercio-varejista-cresceram-06-em-novembro","status":"publish","type":"post","link":"https:\/\/www.confere.org.br\/wordpress\/vendas-do-comercio-varejista-cresceram-06-em-novembro\/","title":{"rendered":"Vendas do com\u00e9rcio varejista cresceram 0,6% em novembro"},"content":{"rendered":"\n<p>As vendas do com\u00e9rcio varejista no Brasil subiram 0,6% em novembro de 2021, ap\u00f3s registrar 0,2% em outubro. Mesmo assim, cinco das oito atividades pesquisadas tiveram taxas negativas no m\u00eas. O varejo acumula alta de 1,9% at\u00e9 novembro e nos \u00faltimos 12 meses, tamb\u00e9m at\u00e9 novembro, cresceu 1,9%. Os dados s\u00e3o da Pesquisa Mensal de Com\u00e9rcio (PMC), divulgada hoje (14) pelo Instituto Brasileiro de Geografia e Estat\u00edstica (IBGE).<img src=\"https:\/\/agenciabrasil.ebc.com.br\/ebc.png?id=1436781&amp;o=node\"><img src=\"https:\/\/agenciabrasil.ebc.com.br\/ebc.gif?id=1436781&amp;o=node\"><\/p>\n\n\n\n<p>A pesquisa mostra que o avan\u00e7o de 0,9% no volume de vendas da atividade de hipermercados, supermercados, produtos aliment\u00edcios, bebidas e fumo contribuiu para o resultado do varejo em novembro. \u201c\u00c9 a principal contribui\u00e7\u00e3o para o peso total, essa varia\u00e7\u00e3o no campo positivo\u201d, disse o gerente da pesquisa, Cristiano Santos.<\/p>\n\n\n\n<p>Tamb\u00e9m houve crescimento de vendas nos artigos farmac\u00eauticos, m\u00e9dicos, ortop\u00e9dicos, de perfumaria e cosm\u00e9ticos (1,2%) e outros artigos de uso pessoal e dom\u00e9stico (2,2%). Em movimento contr\u00e1rio, o volume de vendas de m\u00f3veis e eletrodom\u00e9sticos caiu 2,3%, como tamb\u00e9m em tecidos, vestu\u00e1rio e cal\u00e7ados (1,9%), combust\u00edveis e lubrificantes (1,4%) e livros, jornais, revistas e papelaria (1,4%). O segmento Equipamentos e material para escrit\u00f3rio, inform\u00e1tica e comunica\u00e7\u00e3o teve queda de 0,1%, o que, segundo o IBGE, apontou estabilidade.<\/p>\n\n\n\n<h4><br>Black Friday<\/h4>\n\n\n\n<p>Cristiano Santos lembrou que em 2021 a Black Friday foi muito menos intensa, em termos de volume de vendas, do que a do ano anterior. Em 2020, o per\u00edodo de promo\u00e7\u00f5es foi melhor, especialmente para as maiores cadeias do varejo, disse. \u201cIsso se deve, em parte, pela infla\u00e7\u00e3o, mas tamb\u00e9m por uma mudan\u00e7a no perfil de consumo, j\u00e1 que algumas compras foram realizadas em outubro ou at\u00e9 mesmo no primeiro semestre, quando houve maior disponibilidade de cr\u00e9dito e o fen\u00f4meno dos descontos. Isso adiantou de certa forma a Black Friday para algumas cadeias\u201d.<\/p>\n\n\n\n<p>Tamb\u00e9m em novembro, o volume de vendas do com\u00e9rcio varejista ampliado, que inclui ve\u00edculos, motos, partes e pe\u00e7as e material de constru\u00e7\u00e3o, cresceu 0,5%. De acordo com a pesquisa, o resultado foi influenciado pelas taxas positivas de ve\u00edculos, motos, partes e pe\u00e7as (0,7%) e material de constru\u00e7\u00e3o (0,8%), ap\u00f3s terem registrado resultados negativos do m\u00eas anterior, de 0,4% e 0,8%, respectivamente.<\/p>\n\n\n\n<h4><br>Interanual<\/h4>\n\n\n\n<p>Na compara\u00e7\u00e3o interanual, o varejo caiu 4,2% em rela\u00e7\u00e3o a novembro de 2020. Das oito atividades pesquisadas, sete apresentaram taxas negativas. O destaque ficou com m\u00f3veis e eletrodom\u00e9sticos (21,5%), combust\u00edveis e lubrificantes (7,1%), outros artigos de uso pessoal e dom\u00e9stico (2,6%) e tecidos, vestu\u00e1rio e cal\u00e7ados (4,4%).<\/p>\n\n\n\n<p>Tamb\u00e9m recuaram, na compara\u00e7\u00e3o com novembro de 2020, os segmentos de hipermercados, supermercados, produtos aliment\u00edcios, bebidas e fumo (0,5%), equipamentos e material para escrit\u00f3rio, inform\u00e1tica e comunica\u00e7\u00e3o (5,6%), e livros, jornais, revistas e papelaria (14,4%).<\/p>\n\n\n\n<p>Artigos farmac\u00eauticos, m\u00e9dicos, ortop\u00e9dicos, de perfumaria e cosm\u00e9ticos foram a \u00fanica atividade que cresceu em novembro (2,5%), na compara\u00e7\u00e3o com o mesmo m\u00eas de 2020. J\u00e1 no com\u00e9rcio varejista ampliado, o setor de ve\u00edculos, motos, partes e pe\u00e7as subiu 1,7%, se comparado a novembro de 2020. Em comportamento diferente material de constru\u00e7\u00e3o teve queda 4,1% no per\u00edodo.<\/p>\n\n\n\n<h4><br>Estados<\/h4>\n\n\n\n<p>Na passagem de outubro para novembro de 2021, 14 das 27 unidades da federa\u00e7\u00e3o apresentaram resultados negativos no com\u00e9rcio varejista. Os destaques foram Para\u00edba (3,1%), Piau\u00ed (3%) e Bahia (2,8%). No campo positivo, foram 13 unidades da federa\u00e7\u00e3o, sendo as principais Roraima (3,7%), Rio de Janeiro (2,8%) e Distrito Federal (2,7%).<\/p>\n\n\n\n<p>Tamb\u00e9m no com\u00e9rcio varejista ampliado, 14 unidades recuaram nas vendas. As mais intensas foram na Para\u00edba (6,8%), Tocantins (6,1%) e Alagoas (5,1%). Em sentido oposto, 12 unidades da federa\u00e7\u00e3o, ficaram no campo positivo, com destaque para Rio de Janeiro (2,1%), Amazonas (1,9%) e Rond\u00f4nia (1,7%). O Amap\u00e1 ficou est\u00e1vel.<\/p>\n\n\n\n<h4><br>Pesquisa<\/h4>\n\n\n\n<p>De acordo com o IBGE, a Pesquisa Mensal de Com\u00e9rcio, criada em 1995, produz indicadores que permitem acompanhar o comportamento conjuntural do com\u00e9rcio varejista no pa\u00eds, levando em considera\u00e7\u00e3o a receita bruta de revenda nas empresas formalmente constitu\u00eddas, com 20 ou mais pessoas ocupadas, e cuja atividade principal \u00e9 o com\u00e9rcio varejista.<\/p>\n\n\n\n<p><br><br>Fonte: <a href=\"https:\/\/agenciabrasil.ebc.com.br\/economia\/noticia\/2022-01\/vendas-do-comercio-varejista-cresceram-06-em-novembro#\" target=\"_blank\" rel=\"noreferrer noopener\">Ag\u00eancia Brasil<\/a><\/p>\n","protected":false},"excerpt":{"rendered":"<p>De janeiro a novembro, o varejo acumula alta de 1,9%<\/p>\n","protected":false},"author":3,"featured_media":4856,"comment_status":"closed","ping_status":"closed","sticky":false,"template":"","format":"standard","meta":[],"categories":[2],"tags":[],"_links":{"self":[{"href":"https:\/\/www.confere.org.br\/wordpress\/wp-json\/wp\/v2\/posts\/6423"}],"collection":[{"href":"https:\/\/www.confere.org.br\/wordpress\/wp-json\/wp\/v2\/posts"}],"about":[{"href":"https:\/\/www.confere.org.br\/wordpress\/wp-json\/wp\/v2\/types\/post"}],"author":[{"embeddable":true,"href":"https:\/\/www.confere.org.br\/wordpress\/wp-json\/wp\/v2\/users\/3"}],"replies":[{"embeddable":true,"href":"https:\/\/www.confere.org.br\/wordpress\/wp-json\/wp\/v2\/comments?post=6423"}],"version-history":[{"count":1,"href":"https:\/\/www.confere.org.br\/wordpress\/wp-json\/wp\/v2\/posts\/6423\/revisions"}],"predecessor-version":[{"id":6424,"href":"https:\/\/www.confere.org.br\/wordpress\/wp-json\/wp\/v2\/posts\/6423\/revisions\/6424"}],"wp:featuredmedia":[{"embeddable":true,"href":"https:\/\/www.confere.org.br\/wordpress\/wp-json\/wp\/v2\/media\/4856"}],"wp:attachment":[{"href":"https:\/\/www.confere.org.br\/wordpress\/wp-json\/wp\/v2\/media?parent=6423"}],"wp:term":[{"taxonomy":"category","embeddable":true,"href":"https:\/\/www.confere.org.br\/wordpress\/wp-json\/wp\/v2\/categories?post=6423"},{"taxonomy":"post_tag","embeddable":true,"href":"https:\/\/www.confere.org.br\/wordpress\/wp-json\/wp\/v2\/tags?post=6423"}],"curies":[{"name":"wp","href":"https:\/\/api.w.org\/{rel}","templated":true}]}}