{"id":6427,"date":"2022-01-17T15:31:38","date_gmt":"2022-01-17T17:31:38","guid":{"rendered":"https:\/\/www.confere.org.br\/wordpress\/?p=6427"},"modified":"2022-01-17T15:32:15","modified_gmt":"2022-01-17T17:32:15","slug":"atividade-economica-cresce-069-em-novembro-diz-banco-central","status":"publish","type":"post","link":"https:\/\/www.confere.org.br\/wordpress\/atividade-economica-cresce-069-em-novembro-diz-banco-central\/","title":{"rendered":"Atividade econ\u00f4mica cresce 0,69% em novembro, diz Banco Central"},"content":{"rendered":"\n<p>O \u00cdndice de Atividade Econ\u00f4mica (IBC-Br)&nbsp;apresentou alta de 0,69% registrado em novembro de 2021, na compara\u00e7\u00e3o com outubro, percentual j\u00e1 dessazonalizado para compensar eventuais diferen\u00e7as entre os per\u00edodos, como o n\u00famero maior de feriados ou fins de semana.<img src=\"https:\/\/agenciabrasil.ebc.com.br\/ebc.png?id=1437118&amp;o=node\"><img src=\"https:\/\/agenciabrasil.ebc.com.br\/ebc.gif?id=1437118&amp;o=node\"><\/p>\n\n\n\n<p>O dado, uma esp\u00e9cie de pr\u00e9via do Produto Interno Bruto (PIB, a soma de todos os bens e servi\u00e7os produzidos no pa\u00eds) foi divulgado hoje (17), em Bras\u00edlia, pelo Banco Central. Apesar da alta, o trimestre ainda apresenta n\u00famero negativo (-0,79%), devido a uma sequ\u00eancia anterior de recuos, segundo os n\u00fameros apresentados pela autoridade monet\u00e1ria.<\/p>\n\n\n\n<p>Na compara\u00e7\u00e3o com novembro de 2020, quando os efeitos da pandemia estavam mais acentuados, o indicador tem alta de 0,43%; e no acumulado do ano (janeiro a novembro de 2021) a varia\u00e7\u00e3o observada, sem ajuste sazonal, ficou em 4,59%. No acumulado de 12 meses, novembro tem alta de 4,30%.<\/p>\n\n\n\n<h4><br>Selic e c\u00e2mbio<\/h4>\n\n\n\n<p>O IBC-Br incorpora informa\u00e7\u00f5es sobre o n\u00edvel de atividade dos tr\u00eas setores da economia: a ind\u00fastria, o com\u00e9rcio e os servi\u00e7os e a agropecu\u00e1ria, al\u00e9m do volume de impostos. O \u00edndice \u00e9 uma forma de avaliar a evolu\u00e7\u00e3o da atividade econ\u00f4mica brasileira e ajuda o Banco Central a tomar decis\u00f5es sobre a taxa b\u00e1sica de juros, a Selic, definida atualmente em 9,25% ao ano.<\/p>\n\n\n\n<p>A previs\u00e3o do mercado para a taxa b\u00e1sica de juros, a Selic, ao final de 2022, \u00e9 de 11,75% ao ano, conforme boletim divulgado pelo Banco Central no in\u00edcio do m\u00eas.<\/p>\n\n\n\n<p><br>Fonte: <a href=\"https:\/\/agenciabrasil.ebc.com.br\/economia\/noticia\/2022-01\/banco-central-diz-que-atividade-economica-cresce-069\" target=\"_blank\" rel=\"noreferrer noopener\">Ag\u00eancia Brasil<\/a><\/p>\n","protected":false},"excerpt":{"rendered":"<p>Percentual de novembro \u00e9 pr\u00e9via do Produto Interno Bruto &#8211; PIB<\/p>\n","protected":false},"author":3,"featured_media":5813,"comment_status":"closed","ping_status":"closed","sticky":false,"template":"","format":"standard","meta":[],"categories":[2],"tags":[],"_links":{"self":[{"href":"https:\/\/www.confere.org.br\/wordpress\/wp-json\/wp\/v2\/posts\/6427"}],"collection":[{"href":"https:\/\/www.confere.org.br\/wordpress\/wp-json\/wp\/v2\/posts"}],"about":[{"href":"https:\/\/www.confere.org.br\/wordpress\/wp-json\/wp\/v2\/types\/post"}],"author":[{"embeddable":true,"href":"https:\/\/www.confere.org.br\/wordpress\/wp-json\/wp\/v2\/users\/3"}],"replies":[{"embeddable":true,"href":"https:\/\/www.confere.org.br\/wordpress\/wp-json\/wp\/v2\/comments?post=6427"}],"version-history":[{"count":1,"href":"https:\/\/www.confere.org.br\/wordpress\/wp-json\/wp\/v2\/posts\/6427\/revisions"}],"predecessor-version":[{"id":6428,"href":"https:\/\/www.confere.org.br\/wordpress\/wp-json\/wp\/v2\/posts\/6427\/revisions\/6428"}],"wp:featuredmedia":[{"embeddable":true,"href":"https:\/\/www.confere.org.br\/wordpress\/wp-json\/wp\/v2\/media\/5813"}],"wp:attachment":[{"href":"https:\/\/www.confere.org.br\/wordpress\/wp-json\/wp\/v2\/media?parent=6427"}],"wp:term":[{"taxonomy":"category","embeddable":true,"href":"https:\/\/www.confere.org.br\/wordpress\/wp-json\/wp\/v2\/categories?post=6427"},{"taxonomy":"post_tag","embeddable":true,"href":"https:\/\/www.confere.org.br\/wordpress\/wp-json\/wp\/v2\/tags?post=6427"}],"curies":[{"name":"wp","href":"https:\/\/api.w.org\/{rel}","templated":true}]}}