{"id":6453,"date":"2022-01-25T14:11:43","date_gmt":"2022-01-25T16:11:43","guid":{"rendered":"https:\/\/www.confere.org.br\/wordpress\/?p=6453"},"modified":"2022-01-25T14:11:45","modified_gmt":"2022-01-25T16:11:45","slug":"confianca-do-empresario-do-comercio-sobe-14-em-janeiro-diz-cnc","status":"publish","type":"post","link":"https:\/\/www.confere.org.br\/wordpress\/confianca-do-empresario-do-comercio-sobe-14-em-janeiro-diz-cnc\/","title":{"rendered":"Confian\u00e7a do empres\u00e1rio do com\u00e9rcio sobe 1,4% em janeiro, diz CNC"},"content":{"rendered":"\n<p>O otimismo dos comerciantes se manteve em alta pela segunda vez consecutiva. O \u00cdndice de Confian\u00e7a do Empres\u00e1rio do Com\u00e9rcio (Icec) subiu 1,4% em janeiro e atingiu 121,1 pontos, em uma escala que vai de zero a 200.<img src=\"https:\/\/agenciabrasil.ebc.com.br\/ebc.png?id=1438542&amp;o=node\"><img src=\"https:\/\/agenciabrasil.ebc.com.br\/ebc.gif?id=1438542&amp;o=node\"><\/p>\n\n\n\n<p>Segundo a Confedera\u00e7\u00e3o Nacional do Com\u00e9rcio de Bens, Servi\u00e7os e Turismo (CNC), que apura o indicador, o resultado \u00e9 o maior desde mar\u00e7o de 2020, quando alcan\u00e7ou 128,4 pontos.<\/p>\n\n\n\n<p>Al\u00e9m disso, \u00e9 melhor do que o observado no mesmo m\u00eas do ano passado. Em dezembro, o \u00edndice atingiu 105,8 pontos. Na compara\u00e7\u00e3o anual, o avan\u00e7o \u00e9 de 14,5%. Os n\u00fameros foram divulgados hoje (25) pela CNC.<\/p>\n\n\n\n<p>A pesquisa mostrou ainda que todos os sub\u00edndices principais tiveram alta. O destaque ficou com as Inten\u00e7\u00f5es de Investimento que, com a varia\u00e7\u00e3o mensal positiva de 1,8%, atingiu 110,6 pontos, o maior n\u00edvel desde janeiro de 2014. Naquele momento, chegou a 114,6 pontos. Em rela\u00e7\u00e3o ao mesmo m\u00eas em 2021, o indicador cresceu 16,5%.<\/p>\n\n\n\n<p>J\u00e1 o item Expectativas do Empres\u00e1rio do Com\u00e9rcio registrou a maior pontua\u00e7\u00e3o, atingindo 152,7 pontos, com a alta de 1,5% em rela\u00e7\u00e3o a dezembro do ano anterior. Na compara\u00e7\u00e3o com janeiro do ano passado, o avan\u00e7o \u00e9 de 7,5%.<\/p>\n\n\n\n<p>Outro dado positivo foi do indicador Condi\u00e7\u00f5es Atuais do Empres\u00e1rio do Com\u00e9rcio, que voltou \u00e0 zona de satisfa\u00e7\u00e3o, ap\u00f3s alcan\u00e7ar 100,1 pontos. Conforme a CNC, \u00e9 o maior n\u00edvel desde abril de 2020, quando chegou a 105,1 pontos. Al\u00e9m disso, teve o primeiro crescimento mensal ( 0,6%), depois de quatro quedas consecutivas. Na compara\u00e7\u00e3o anual, registrou o maior aumento (24,4%) entre os sub\u00edndices principais.<\/p>\n\n\n\n<p>O presidente da CNC, Jos\u00e9 Roberto Tadros, disse que os resultados da pesquisa refletem o avan\u00e7o da vacina\u00e7\u00e3o e a consequente relativa volta \u00e0 normalidade, apesar da dissemina\u00e7\u00e3o da variante \u00d4micron.<\/p>\n\n\n\n<p>&#8220;Mesmo com a propaga\u00e7\u00e3o da variante \u00d4micron, a vacina tem garantido um impacto menor da covid-19 na popula\u00e7\u00e3o, com sintomas mais leves e redu\u00e7\u00e3o da taxa de mortalidade. Esse sentimento de seguran\u00e7a vem contribuindo para que os empres\u00e1rios j\u00e1 enxerguem uma pequena melhora nas condi\u00e7\u00f5es econ\u00f4micas, no curto prazo&#8221;, observou Tadros.<\/p>\n\n\n\n<h4><br>Contrata\u00e7\u00f5es<\/h4>\n\n\n\n<p>O otimismo dos empres\u00e1rios se estendeu tamb\u00e9m \u00e0 gera\u00e7\u00e3o de empregos. A pesquisa mostrou que nos itens que analisam as inten\u00e7\u00f5es de investimento dos comerciantes, a maior satisfa\u00e7\u00e3o se referiu \u00e0 Contrata\u00e7\u00e3o de Funcion\u00e1rios (137,2 pontos).<\/p>\n\n\n\n<p>O indicador foi tamb\u00e9m o maior crescimento mensal entre os que comp\u00f5em esta categoria (5,0%). O Icec apontou ainda que 68,9% dos empres\u00e1rios demonstraram inten\u00e7\u00e3o de aumentar a contrata\u00e7\u00e3o. Esse movimento, de acordo com a CNC, sugere que a recupera\u00e7\u00e3o do mercado de trabalho deve continuar.<\/p>\n\n\n\n<p>Para a economista da CNC respons\u00e1vel pelo estudo, Catarina Carneiro da Silva, \u00e9 importante observar em qual categoria a empresa est\u00e1 inserida, pois cada uma \u00e9 impactada de forma diferente pelos movimentos econ\u00f4micos:<\/p>\n\n\n\n<p>\u201c\u00c9 poss\u00edvel observar que a maior parte dos empres\u00e1rios est\u00e1 mais confiante com rela\u00e7\u00e3o \u00e0 economia e especificamente sobre os desdobramentos em seu pr\u00f3prio neg\u00f3cio\u201d.<\/p>\n\n\n\n<p>Ainda segundo a CNC, a percep\u00e7\u00e3o de melhora na economia aparece tanto nas condi\u00e7\u00f5es atuais do pa\u00eds, como nas expectativas para o futuro. O maior incremento relativo ao momento atual foi na percep\u00e7\u00e3o da economia, com avan\u00e7o de 2,3%, ap\u00f3s quatro meses de queda. Entre as empresas, 54,7% indicaram que a expectativa \u00e9 de que a economia melhore ligeiramente no futuro.<\/p>\n\n\n\n<h4><br>Icec<\/h4>\n\n\n\n<p>De acordo com a CNC, o Icec \u00e9 um indicador antecedente, pesquisado, exclusivamente, entre os tomadores de decis\u00e3o das empresas do varejo. A inten\u00e7\u00e3o \u00e9 verificar as tend\u00eancias das a\u00e7\u00f5es do setor do ponto de vista do empres\u00e1rio.<\/p>\n\n\n\n<p>\u201cA amostra \u00e9 composta por aproximadamente seis mil empresas situadas em todas as capitais do Pa\u00eds, e os sub\u00edndices, apurados mensalmente, apresentam dispers\u00f5es que variam de zero a duzentos pontos. O Icec avalia as condi\u00e7\u00f5es atuais, as expectativas de curto prazo e as inten\u00e7\u00f5es de investimento dos empres\u00e1rios do com\u00e9rcio\u201d, informou.<\/p>\n\n\n\n<p><br><br>Fonte: <a href=\"https:\/\/agenciabrasil.ebc.com.br\/economia\/noticia\/2022-01\/confianca-do-empresario-do-comercio-sobre-14-em-janeiro-diz-cnc\" target=\"_blank\" rel=\"noreferrer noopener\">Ag\u00eancia Brasil<\/a><\/p>\n","protected":false},"excerpt":{"rendered":"<p>Indicador alcan\u00e7ou maior n\u00edvel desde o in\u00edcio da pandemia de covid-19<\/p>\n","protected":false},"author":3,"featured_media":3729,"comment_status":"closed","ping_status":"closed","sticky":false,"template":"","format":"standard","meta":[],"categories":[2],"tags":[],"_links":{"self":[{"href":"https:\/\/www.confere.org.br\/wordpress\/wp-json\/wp\/v2\/posts\/6453"}],"collection":[{"href":"https:\/\/www.confere.org.br\/wordpress\/wp-json\/wp\/v2\/posts"}],"about":[{"href":"https:\/\/www.confere.org.br\/wordpress\/wp-json\/wp\/v2\/types\/post"}],"author":[{"embeddable":true,"href":"https:\/\/www.confere.org.br\/wordpress\/wp-json\/wp\/v2\/users\/3"}],"replies":[{"embeddable":true,"href":"https:\/\/www.confere.org.br\/wordpress\/wp-json\/wp\/v2\/comments?post=6453"}],"version-history":[{"count":1,"href":"https:\/\/www.confere.org.br\/wordpress\/wp-json\/wp\/v2\/posts\/6453\/revisions"}],"predecessor-version":[{"id":6454,"href":"https:\/\/www.confere.org.br\/wordpress\/wp-json\/wp\/v2\/posts\/6453\/revisions\/6454"}],"wp:featuredmedia":[{"embeddable":true,"href":"https:\/\/www.confere.org.br\/wordpress\/wp-json\/wp\/v2\/media\/3729"}],"wp:attachment":[{"href":"https:\/\/www.confere.org.br\/wordpress\/wp-json\/wp\/v2\/media?parent=6453"}],"wp:term":[{"taxonomy":"category","embeddable":true,"href":"https:\/\/www.confere.org.br\/wordpress\/wp-json\/wp\/v2\/categories?post=6453"},{"taxonomy":"post_tag","embeddable":true,"href":"https:\/\/www.confere.org.br\/wordpress\/wp-json\/wp\/v2\/tags?post=6453"}],"curies":[{"name":"wp","href":"https:\/\/api.w.org\/{rel}","templated":true}]}}