{"id":6465,"date":"2022-01-26T14:30:47","date_gmt":"2022-01-26T16:30:47","guid":{"rendered":"https:\/\/www.confere.org.br\/wordpress\/?p=6465"},"modified":"2022-01-26T14:30:48","modified_gmt":"2022-01-26T16:30:48","slug":"consumo-de-bens-industriais-sobe-21-em-novembro-ante-outubro-diz-ipea","status":"publish","type":"post","link":"https:\/\/www.confere.org.br\/wordpress\/consumo-de-bens-industriais-sobe-21-em-novembro-ante-outubro-diz-ipea\/","title":{"rendered":"Consumo de bens industriais sobe 2,1% em novembro ante outubro, diz Ipea"},"content":{"rendered":"\n<p>A produ\u00e7\u00e3o interna destinada ao mercado nacional teve alta de 3,6%, e as importa\u00e7\u00f5es de bens industriais recuaram 3,8% em novembro, segundo o instituto.<\/p>\n\n\n\n<p>J\u00e1 na compara\u00e7\u00e3o com novembro de 2020, o indicador registrou queda de 1,2%. No acumulado em doze meses, houve crescimento de 7,9%, superando a produ\u00e7\u00e3o industrial medida pela Pesquisa Industrial Mensal de Produ\u00e7\u00e3o F\u00edsica, do Instituto Brasileiro de Geografia e Estat\u00edstica (IBGE), que apresentou alta de 5%.<\/p>\n\n\n\n<p>No trimestre m\u00f3vel encerrado em novembro, o indicador que mede a demanda interna por bens industriais \u2013 por meio da produ\u00e7\u00e3o industrial interna n\u00e3o exportada, acrescida das importa\u00e7\u00f5es \u2013 retrocedeu 2,5%.<\/p>\n\n\n\n<p>Na an\u00e1lise das grandes categorias econ\u00f4micas, todos os segmentos apresentaram crescimento, com exce\u00e7\u00e3o da demanda por bens de capital, que verificou recuo de 0,7%. O segmento de bens de consumo teve avan\u00e7o de 4,6% na demanda por bens de consumo dur\u00e1veis e de 3,5% no segmento de bens de consumo semi e n\u00e3o dur\u00e1veis. Na compara\u00e7\u00e3o interanual, todos os segmentos registraram queda, com exce\u00e7\u00e3o dos bens intermedi\u00e1rios, que cresceram 0,4%.<\/p>\n\n\n\n<p>Em rela\u00e7\u00e3o \u00e0s classes de produ\u00e7\u00e3o, a demanda interna por bens da ind\u00fastria de transforma\u00e7\u00e3o subiu 1,3% em novembro, enquanto o crescimento da extrativa mineral foi de 22,3%, compensando a queda de 19,7% no per\u00edodo anterior.<\/p>\n\n\n\n<p>A an\u00e1lise setorial mostra que oito dos 22 segmentos pesquisados apresentaram varia\u00e7\u00e3o positiva. O destaque ficou por conta dos segmentos vestu\u00e1rio e de ve\u00edculos, com altas de 5% e 2,5% em novembro, respectivamente. Na compara\u00e7\u00e3o interanual, seis segmentos registraram crescimento, com destaque para farmoqu\u00edmicos e outros equipamentos de transporte, com altas de 24,3% e 23,4%, respectivamente.<\/p>\n\n\n\n<p><br><br>Fonte: <a href=\"https:\/\/economia.uol.com.br\/noticias\/estadao-conteudo\/2022\/01\/26\/consumo-de-bens-industriais-sobe-21-em-novembro-ante-outubro-diz-ipea.htm\" target=\"_blank\" rel=\"noreferrer noopener\">www.uol.com.br<\/a><\/p>\n","protected":false},"excerpt":{"rendered":"<p>O Indicador Ipea mensal de Consumo Aparente de Bens Industriais \u2013 parcela da produ\u00e7\u00e3o industrial dom\u00e9stica destinada ao mercado interno acrescida das importa\u00e7\u00f5es \u2013 registrou alta de 2,1% em novembro do ano passado na compara\u00e7\u00e3o com outubro, na s\u00e9rie com ajuste sazonal, informou nesta quarta-feira, 26, o Instituto de Pesquisa Econ\u00f4mica Aplicada (Ipea).<\/p>\n","protected":false},"author":3,"featured_media":6466,"comment_status":"closed","ping_status":"closed","sticky":false,"template":"","format":"standard","meta":[],"categories":[2],"tags":[],"_links":{"self":[{"href":"https:\/\/www.confere.org.br\/wordpress\/wp-json\/wp\/v2\/posts\/6465"}],"collection":[{"href":"https:\/\/www.confere.org.br\/wordpress\/wp-json\/wp\/v2\/posts"}],"about":[{"href":"https:\/\/www.confere.org.br\/wordpress\/wp-json\/wp\/v2\/types\/post"}],"author":[{"embeddable":true,"href":"https:\/\/www.confere.org.br\/wordpress\/wp-json\/wp\/v2\/users\/3"}],"replies":[{"embeddable":true,"href":"https:\/\/www.confere.org.br\/wordpress\/wp-json\/wp\/v2\/comments?post=6465"}],"version-history":[{"count":1,"href":"https:\/\/www.confere.org.br\/wordpress\/wp-json\/wp\/v2\/posts\/6465\/revisions"}],"predecessor-version":[{"id":6467,"href":"https:\/\/www.confere.org.br\/wordpress\/wp-json\/wp\/v2\/posts\/6465\/revisions\/6467"}],"wp:featuredmedia":[{"embeddable":true,"href":"https:\/\/www.confere.org.br\/wordpress\/wp-json\/wp\/v2\/media\/6466"}],"wp:attachment":[{"href":"https:\/\/www.confere.org.br\/wordpress\/wp-json\/wp\/v2\/media?parent=6465"}],"wp:term":[{"taxonomy":"category","embeddable":true,"href":"https:\/\/www.confere.org.br\/wordpress\/wp-json\/wp\/v2\/categories?post=6465"},{"taxonomy":"post_tag","embeddable":true,"href":"https:\/\/www.confere.org.br\/wordpress\/wp-json\/wp\/v2\/tags?post=6465"}],"curies":[{"name":"wp","href":"https:\/\/api.w.org\/{rel}","templated":true}]}}