{"id":6502,"date":"2022-01-31T08:59:58","date_gmt":"2022-01-31T10:59:58","guid":{"rendered":"https:\/\/www.confere.org.br\/wordpress\/?p=6502"},"modified":"2022-01-31T09:00:42","modified_gmt":"2022-01-31T11:00:42","slug":"simples-nacional-prazo-para-aderir-ao-regime-tributario-termina-nesta-segunda-feira","status":"publish","type":"post","link":"https:\/\/www.confere.org.br\/wordpress\/simples-nacional-prazo-para-aderir-ao-regime-tributario-termina-nesta-segunda-feira\/","title":{"rendered":"Simples Nacional: prazo para aderir ao regime tribut\u00e1rio termina nesta segunda-feira"},"content":{"rendered":"\n<p>As microempresas e empresas de pequeno porte j\u00e1 em atividade t\u00eam at\u00e9 esta segunda-feira (31) para optar pelo regime tribut\u00e1rio do\u00a0<strong>Simples Nacional<\/strong>. Caso a solicita\u00e7\u00e3o seja aceita, valer\u00e1 a partir de 1\u00b0 de janeiro deste ano, de forma retroativa.<\/p>\n\n\n\n<ul><li><a href=\"https:\/\/g1.globo.com\/empreendedorismo\/noticia\/2022\/01\/04\/calendario-do-empreendedor-veja-datas-para-nao-esquecer-em-2022.ghtml\">Calend\u00e1rio do empreendedor: veja datas para n\u00e3o esquecer em 2022<\/a><\/li><\/ul>\n\n\n\n<p>Quem perder o prazo, s\u00f3 poder\u00e1 aderir ao Simples Nacional em janeiro de 2023.<\/p>\n\n\n\n<p>J\u00e1 para as empresas em in\u00edcio de atividade, o prazo para a solicita\u00e7\u00e3o \u00e9 de 30 dias do \u00faltimo deferimento de inscri\u00e7\u00e3o \u2013 seja municipal ou estadual, desde que n\u00e3o tenha passado 60 dias da data de abertura do CNPJ. Quando aprovada, a op\u00e7\u00e3o passa a valer a partir da data da abertura do CNPJ.<\/p>\n\n\n\n<p>A<a href=\"https:\/\/g1.globo.com\/economia\/noticia\/2022\/01\/21\/simples-nacional-comite-prorroga-ate-marco-prazo-para-empresas-regularizarem-dividas.ghtml\">&nbsp;data para as empresas regularizarem d\u00edvidas foi prorrogado<\/a>&nbsp;para 31 de mar\u00e7o. Segundo o Comit\u00ea Gestor do Simples Nacional, a prorroga\u00e7\u00e3o \u00e9 uma medida que visa &#8220;propiciar aos contribuintes do regime o f\u00f4lego necess\u00e1rio para que se reestruturem, regularizem suas pend\u00eancias e retomem o desenvolvimento econ\u00f4mico afetado devido \u00e0 pandemia da Covid-19&#8221;.<\/p>\n\n\n\n<h4><br><br>Como aderir ao Simples Nacional?<\/h4>\n\n\n\n<p>Para aderir ao sistema, a empresa precisa ter a inscri\u00e7\u00e3o no CNPJ e, quando necess\u00e1rio, a inscri\u00e7\u00e3o estadual, exigida para empresas com atividades sujeitas ao ICMS.<\/p>\n\n\n\n<p><strong>Confira o passo a passo:<\/strong><\/p>\n\n\n\n<ul><li>Acesse o&nbsp;<a href=\"http:\/\/www8.receita.fazenda.gov.br\/simplesnacional\" target=\"_blank\" rel=\"noreferrer noopener\">Portal do Simples Nacional<\/a>;<\/li><li>O acesso \u00e9 feito com certificado digital ou c\u00f3digo de acesso;<\/li><li>Na aba&nbsp;<strong>Simples \u2013 Servi\u00e7os<\/strong>, clique em&nbsp;<strong>Op\u00e7\u00e3o<\/strong>&nbsp;e depois em&nbsp;<strong>Solicita\u00e7\u00e3o de Op\u00e7\u00e3o pelo Simples Nacional;<\/strong><\/li><li>Uma verifica\u00e7\u00e3o autom\u00e1tica de pend\u00eancias \u00e9 feita logo ap\u00f3s a solicita\u00e7\u00e3o. N\u00e3o havendo pend\u00eancias, a op\u00e7\u00e3o ser\u00e1 aprovada. Se tiver alguma pend\u00eancia, a op\u00e7\u00e3o ficar\u00e1 \u201cem an\u00e1lise\u201d;<\/li><li>\u00c9 poss\u00edvel acompanhar o andamento do processo dentro do&nbsp;<a href=\"http:\/\/www8.receita.fazenda.gov.br\/simplesnacional\" target=\"_blank\" rel=\"noreferrer noopener\">Portal do Simples Nacional<\/a>, na op\u00e7\u00e3o&nbsp;<strong>Acompanhamento da Formaliza\u00e7\u00e3o da Op\u00e7\u00e3o pelo Simples Nacional<\/strong>.<\/li><\/ul>\n\n\n\n<p>A verifica\u00e7\u00e3o \u00e9 feita pela&nbsp;<a href=\"https:\/\/g1.globo.com\/tudo-sobre\/receita-federal\/\">Receita Federal<\/a>, estados e munic\u00edpios, em conjunto. Portanto, a empresa n\u00e3o pode possuir pend\u00eancias cadastrais ou fiscais, nem d\u00e9bitos.<\/p>\n\n\n\n<p>Quem tiver o pedido negado, pode fazer uma contesta\u00e7\u00e3o, que deve ser protocolada diretamente na administra\u00e7\u00e3o tribut\u00e1ria (<a href=\"https:\/\/g1.globo.com\/tudo-sobre\/receita-federal\/\">Receita Federal<\/a>, estado, Distrito Federal ou munic\u00edpio) que apontou as irregularidades.<\/p>\n\n\n\n<p>A microempresa ou empresa de pequeno porte j\u00e1 optante pelo Simples Nacional n\u00e3o precisa fazer nova op\u00e7\u00e3o. Uma vez optante, a empresa somente sair\u00e1 do regime quando exclu\u00edda, seja por comunica\u00e7\u00e3o do dono da empresa ou de of\u00edcio.<\/p>\n\n\n\n<h4><br><br>Como regularizar a situa\u00e7\u00e3o?<\/h4>\n\n\n\n<p>Os pequenos neg\u00f3cios que foram exclu\u00eddos do Simples Nacional tamb\u00e9m\u00a0devem regularizar as pend\u00eancias at\u00e9 31 de mar\u00e7o. Para isso, n\u00e3o pode haver d\u00e9bitos com:<\/p>\n\n\n\n<ul><li><a href=\"https:\/\/g1.globo.com\/tudo-sobre\/receita-federal\/\">Receita Federal<\/a>&nbsp;&#8211;&nbsp;<a href=\"https:\/\/www.gov.br\/receitafederal\/pt-br\/servicos\/regularizacao-de-impostos\" target=\"_blank\" rel=\"noreferrer noopener\">clique aqui para regularizar atrasos<\/a><\/li><li>Procuradoria-Geral da Fazenda Nacional &#8211;&nbsp;<a href=\"https:\/\/www.gov.br\/pgfn\/pt-br\/servicos\/orientacoes-contribuintes\/regularize\" target=\"_blank\" rel=\"noreferrer noopener\">clique aqui para regularizar atrasos<\/a><\/li><\/ul>\n\n\n\n<h4><br><br>O que \u00e9 o Simples Nacional?<\/h4>\n\n\n\n<p>O Simples Nacional implica o recolhimento mensal, mediante documento \u00fanico de arrecada\u00e7\u00e3o, dos seguintes tributos:<\/p>\n\n\n\n<ul><li>Imposto sobre a Renda da Pessoa Jur\u00eddica (IRPJ);<\/li><li>Imposto sobre Produtos Industrializados (IPI);<\/li><li>Contribui\u00e7\u00e3o Social sobre o Lucro L\u00edquido (CSLL);<\/li><li>Contribui\u00e7\u00e3o para o Financiamento da Seguridade Social (COFINS);<\/li><li>Contribui\u00e7\u00e3o para o PIS\/Pasep;<\/li><li>Contribui\u00e7\u00e3o Patronal Previdenci\u00e1ria (CPP);<\/li><li>Imposto sobre Opera\u00e7\u00f5es Relativas \u00e0 Circula\u00e7\u00e3o de Mercadorias e Sobre Presta\u00e7\u00f5es de Servi\u00e7os de Transporte Interestadual e Intermunicipal e de Comunica\u00e7\u00e3o (ICMS);<\/li><li>Imposto sobre Servi\u00e7os de Qualquer Natureza (ISS).<\/li><\/ul>\n\n\n\n<p><br><br>Fonte: <a href=\"https:\/\/g1.globo.com\/empreendedorismo\/noticia\/2022\/01\/31\/simples-nacional-prazo-para-aderir-ao-regime-tributario-termina-nesta-segunda-feira.ghtml\" target=\"_blank\" rel=\"noreferrer noopener\">www.g1.globo.com<\/a><\/p>\n","protected":false},"excerpt":{"rendered":"<p>Solicita\u00e7\u00e3o \u00e9 realizada pela internet e, para isso, \u00e9 preciso ter a inscri\u00e7\u00e3o do CNPJ. Prazo para regularizar d\u00edvidas foi prorrogado para 31 de mar\u00e7o.<\/p>\n","protected":false},"author":3,"featured_media":6400,"comment_status":"closed","ping_status":"closed","sticky":false,"template":"","format":"standard","meta":[],"categories":[2],"tags":[],"_links":{"self":[{"href":"https:\/\/www.confere.org.br\/wordpress\/wp-json\/wp\/v2\/posts\/6502"}],"collection":[{"href":"https:\/\/www.confere.org.br\/wordpress\/wp-json\/wp\/v2\/posts"}],"about":[{"href":"https:\/\/www.confere.org.br\/wordpress\/wp-json\/wp\/v2\/types\/post"}],"author":[{"embeddable":true,"href":"https:\/\/www.confere.org.br\/wordpress\/wp-json\/wp\/v2\/users\/3"}],"replies":[{"embeddable":true,"href":"https:\/\/www.confere.org.br\/wordpress\/wp-json\/wp\/v2\/comments?post=6502"}],"version-history":[{"count":2,"href":"https:\/\/www.confere.org.br\/wordpress\/wp-json\/wp\/v2\/posts\/6502\/revisions"}],"predecessor-version":[{"id":6504,"href":"https:\/\/www.confere.org.br\/wordpress\/wp-json\/wp\/v2\/posts\/6502\/revisions\/6504"}],"wp:featuredmedia":[{"embeddable":true,"href":"https:\/\/www.confere.org.br\/wordpress\/wp-json\/wp\/v2\/media\/6400"}],"wp:attachment":[{"href":"https:\/\/www.confere.org.br\/wordpress\/wp-json\/wp\/v2\/media?parent=6502"}],"wp:term":[{"taxonomy":"category","embeddable":true,"href":"https:\/\/www.confere.org.br\/wordpress\/wp-json\/wp\/v2\/categories?post=6502"},{"taxonomy":"post_tag","embeddable":true,"href":"https:\/\/www.confere.org.br\/wordpress\/wp-json\/wp\/v2\/tags?post=6502"}],"curies":[{"name":"wp","href":"https:\/\/api.w.org\/{rel}","templated":true}]}}