{"id":6511,"date":"2022-02-04T15:17:58","date_gmt":"2022-02-04T17:17:58","guid":{"rendered":"https:\/\/www.confere.org.br\/wordpress\/?p=6511"},"modified":"2022-02-04T15:25:48","modified_gmt":"2022-02-04T17:25:48","slug":"confere-realiza-eleicao-no-core-rn","status":"publish","type":"post","link":"https:\/\/www.confere.org.br\/wordpress\/confere-realiza-eleicao-no-core-rn\/","title":{"rendered":"Confere realiza elei\u00e7\u00e3o no Core-RN"},"content":{"rendered":"\n<p>A elei\u00e7\u00e3o foi realizada ontem, dia 3 de fevereiro de 2022, na sede do Core-RN.<\/p>\n\n\n\n<p>Marconi Barros dos Santos, diretor-presidente do Conselho Regional dos Representantes Comerciais no Estado da Para\u00edba (Core-PB), presidiu a Comiss\u00e3o Eleitoral que processou o pleito e Emerson Natal de Almeida Sousa, diretor-presidente do Conselho Regional dos Representantes Comerciais no Estado de Sergipe (Core-SE), exerceu a presid\u00eancia da Mesa Coletora\/Apuradora de votos.<\/p>\n\n\n\n<p>O Edital de Convoca\u00e7\u00e3o foi publicado no Di\u00e1rio Oficial da Uni\u00e3o e no jornal Tribuna do Norte, no dia 31 de dezembro de 2021, recebendo, apenas, a inscri\u00e7\u00e3o da chapa \u201cSupera\u00e7\u00e3o\u201d, composta pelos representantes comerciais: Alexandre Magno Fernandes de Melo, Augusto Gomes Dourado Neto, Braz Henrique de Medeiros Neto, Francisco Aldelenes Pinheiro, Francisco Sales de Souza Neto, Ildefonso Dantas Ferreira Filho; M\u00e1rcio Pinheiro de Souza, Omar Nunes Freire e Roberto Buarque de Assun\u00e7\u00e3o.<\/p>\n\n\n\n<p>A elei\u00e7\u00e3o foi conduzida pelo Confere, que primou pela transpar\u00eancia e \u00e9tica, que norteiam os processos democr\u00e1ticos, e transcorreu sem protestos ou impugna\u00e7\u00f5es.<\/p>\n\n\n\n<p>O Confere parabeniza a nova Diretoria eleita e deseja uma gest\u00e3o repleta de sucesso e conquistas para o fortalecimento da Categoria dos Representantes Comerciais e do Sistema Confere\/Cores. <\/p>\n\n\n\n<p>Juntos somos mais fortes!<\/p>\n","protected":false},"excerpt":{"rendered":"<p>O Confere deflagrou processo eleitoral pelo voto direto, para composi\u00e7\u00e3o do Conselho Regional dos Representantes Comerciais no Estado do Rio Grande do Norte (Core-RN), tri\u00eanio 2022\/2025.<\/p>\n","protected":false},"author":3,"featured_media":6510,"comment_status":"closed","ping_status":"closed","sticky":false,"template":"","format":"standard","meta":[],"categories":[34,49,17],"tags":[],"_links":{"self":[{"href":"https:\/\/www.confere.org.br\/wordpress\/wp-json\/wp\/v2\/posts\/6511"}],"collection":[{"href":"https:\/\/www.confere.org.br\/wordpress\/wp-json\/wp\/v2\/posts"}],"about":[{"href":"https:\/\/www.confere.org.br\/wordpress\/wp-json\/wp\/v2\/types\/post"}],"author":[{"embeddable":true,"href":"https:\/\/www.confere.org.br\/wordpress\/wp-json\/wp\/v2\/users\/3"}],"replies":[{"embeddable":true,"href":"https:\/\/www.confere.org.br\/wordpress\/wp-json\/wp\/v2\/comments?post=6511"}],"version-history":[{"count":3,"href":"https:\/\/www.confere.org.br\/wordpress\/wp-json\/wp\/v2\/posts\/6511\/revisions"}],"predecessor-version":[{"id":6515,"href":"https:\/\/www.confere.org.br\/wordpress\/wp-json\/wp\/v2\/posts\/6511\/revisions\/6515"}],"wp:featuredmedia":[{"embeddable":true,"href":"https:\/\/www.confere.org.br\/wordpress\/wp-json\/wp\/v2\/media\/6510"}],"wp:attachment":[{"href":"https:\/\/www.confere.org.br\/wordpress\/wp-json\/wp\/v2\/media?parent=6511"}],"wp:term":[{"taxonomy":"category","embeddable":true,"href":"https:\/\/www.confere.org.br\/wordpress\/wp-json\/wp\/v2\/categories?post=6511"},{"taxonomy":"post_tag","embeddable":true,"href":"https:\/\/www.confere.org.br\/wordpress\/wp-json\/wp\/v2\/tags?post=6511"}],"curies":[{"name":"wp","href":"https:\/\/api.w.org\/{rel}","templated":true}]}}