{"id":6518,"date":"2022-02-08T10:10:07","date_gmt":"2022-02-08T12:10:07","guid":{"rendered":"https:\/\/www.confere.org.br\/wordpress\/?p=6518"},"modified":"2022-02-08T11:18:24","modified_gmt":"2022-02-08T13:18:24","slug":"representante-comercial-se-voce-perdeu-o-desconto-anterior-aproveite-essa-nova-oportunidade","status":"publish","type":"post","link":"https:\/\/www.confere.org.br\/wordpress\/representante-comercial-se-voce-perdeu-o-desconto-anterior-aproveite-essa-nova-oportunidade\/","title":{"rendered":"Representante Comercial,\u00a0se voc\u00ea perdeu o desconto anterior,\u00a0aproveite\u00a0essa nova oportunidade\u00a0"},"content":{"rendered":"\n<p>Se ainda n\u00e3o recebeu o boleto, entre o contato com o seu <a href=\"https:\/\/www.confere.org.br\/enderecos.php\" target=\"_blank\" rel=\"noreferrer noopener\">Conselho Regional (Core).<\/a><br>\u00c9 a sua chance&nbsp;de garantir&nbsp;mais um ano de atua\u00e7\u00e3o com bastante tranquilidade.&nbsp;<\/p>\n","protected":false},"excerpt":{"rendered":"<p>S\u00e3o\u00a015% de desconto\u00a0para o pagamento da Anuidade 2022 feito\u00a0at\u00e9 o dia 28 de fevereiro<\/p>\n","protected":false},"author":3,"featured_media":6520,"comment_status":"closed","ping_status":"closed","sticky":false,"template":"","format":"standard","meta":[],"categories":[34,49,17],"tags":[],"_links":{"self":[{"href":"https:\/\/www.confere.org.br\/wordpress\/wp-json\/wp\/v2\/posts\/6518"}],"collection":[{"href":"https:\/\/www.confere.org.br\/wordpress\/wp-json\/wp\/v2\/posts"}],"about":[{"href":"https:\/\/www.confere.org.br\/wordpress\/wp-json\/wp\/v2\/types\/post"}],"author":[{"embeddable":true,"href":"https:\/\/www.confere.org.br\/wordpress\/wp-json\/wp\/v2\/users\/3"}],"replies":[{"embeddable":true,"href":"https:\/\/www.confere.org.br\/wordpress\/wp-json\/wp\/v2\/comments?post=6518"}],"version-history":[{"count":2,"href":"https:\/\/www.confere.org.br\/wordpress\/wp-json\/wp\/v2\/posts\/6518\/revisions"}],"predecessor-version":[{"id":6528,"href":"https:\/\/www.confere.org.br\/wordpress\/wp-json\/wp\/v2\/posts\/6518\/revisions\/6528"}],"wp:featuredmedia":[{"embeddable":true,"href":"https:\/\/www.confere.org.br\/wordpress\/wp-json\/wp\/v2\/media\/6520"}],"wp:attachment":[{"href":"https:\/\/www.confere.org.br\/wordpress\/wp-json\/wp\/v2\/media?parent=6518"}],"wp:term":[{"taxonomy":"category","embeddable":true,"href":"https:\/\/www.confere.org.br\/wordpress\/wp-json\/wp\/v2\/categories?post=6518"},{"taxonomy":"post_tag","embeddable":true,"href":"https:\/\/www.confere.org.br\/wordpress\/wp-json\/wp\/v2\/tags?post=6518"}],"curies":[{"name":"wp","href":"https:\/\/api.w.org\/{rel}","templated":true}]}}