{"id":6522,"date":"2022-02-08T10:12:26","date_gmt":"2022-02-08T12:12:26","guid":{"rendered":"https:\/\/www.confere.org.br\/wordpress\/?p=6522"},"modified":"2022-02-08T10:12:27","modified_gmt":"2022-02-08T12:12:27","slug":"mercado-financeiro-projeta-inflacao-de-544-para-este-ano","status":"publish","type":"post","link":"https:\/\/www.confere.org.br\/wordpress\/mercado-financeiro-projeta-inflacao-de-544-para-este-ano\/","title":{"rendered":"Mercado financeiro projeta infla\u00e7\u00e3o de 5,44% para este ano"},"content":{"rendered":"\n<p>O mercado financeiro aumentou mais uma vez a previs\u00e3o de infla\u00e7\u00e3o para este ano. Segundo proje\u00e7\u00e3o do Boletim Focus, divulgado ontem (7), em Bras\u00edlia,\u00a0 pelo Banco Central, o \u00cdndice de Pre\u00e7os ao Consumidor Amplo (IPCA) &#8211; a infla\u00e7\u00e3o oficial do pa\u00eds &#8211; deve fechar 2022 em 5,44%. \u00c9 a quarta vez que se projeta alta da infla\u00e7\u00e3o para 2022. H\u00e1 uma semana, a estimativa do mercado era de que a infla\u00e7\u00e3o terminasse o ano em 5,38%. H\u00e1 quatro semanas a previs\u00e3o era de 5,03%.<img src=\"https:\/\/agenciabrasil.ebc.com.br\/ebc.png?id=1440776&amp;o=node\"><img src=\"https:\/\/agenciabrasil.ebc.com.br\/ebc.gif?id=1440776&amp;o=node\"><\/p>\n\n\n\n<p>Para 2023, analistas mantiveram a expectativa da semana passada em rela\u00e7\u00e3o ao IPCA. A proje\u00e7\u00e3o desta semana aponta uma infla\u00e7\u00e3o de 3,50%. H\u00e1 duas semanas, o c\u00e1lculo era de 3,40% no pr\u00f3ximo ano. Em 2024, a proje\u00e7\u00e3o \u00e9 a mesma das \u00faltimas semanas: infla\u00e7\u00e3o de 3%.<\/p>\n\n\n\n<p>O boletim, divulgado semanalmente, re\u00fane a estimativa para os principais indicadores econ\u00f4micos do pa\u00eds.<\/p>\n\n\n\n<h2>PIB<\/h2>\n\n\n\n<p>No boletim divulgado hoje, o Focus tamb\u00e9m manteve a previs\u00e3o do Produto Interno Bruto (PIB) &#8211; a soma de todas as riquezas produzidas no pa\u00eds &#8211; registrada h\u00e1 sete dias. A proje\u00e7\u00e3o \u00e9 de crescimento do PIB de 0,30% em 2022. H\u00e1 quatro semanas o mercado previa a expans\u00e3o da economia brasileira em 0,36%.<\/p>\n\n\n\n<p>O Focus registra pela terceira vez seguida diminui\u00e7\u00e3o na expectativa de crescimento do PIB para 2023, passando de 1,55% na semana passada para 1,53%. Para 2024, a estimativa se manteve est\u00e1vel, ficando em 2%.<\/p>\n\n\n\n<h2>Taxa de juros<\/h2>\n\n\n\n<p>A previs\u00e3o do mercado para a taxa b\u00e1sica de juros, a Selic, em 2022, ficou est\u00e1vel pela quarta vez em rela\u00e7\u00e3o ao divulgado na semana passada: 11,75% ao ano.<\/p>\n\n\n\n<p>Na semana passada, o Comit\u00ea de Pol\u00edtica Monet\u00e1ria (Copom)&nbsp;<a href=\"http:\/\/agenciabrasil.ebc.com.br\/economia\/noticia\/2022-02\/copom-eleva-juros-basicos-da-economia-para-1075-ao-ano\" target=\"_blank\" rel=\"noreferrer noopener\">aumentou a taxa de juros de 9,25% para 10,75% ao ano<\/a>. A decis\u00e3o era esperada por analistas financeiros.<\/p>\n\n\n\n<p>A taxa atingiu os dois d\u00edgitos pela primeira vez desde julho de 2017, quando estava em 10,25% ao ano. Esse foi o oitavo reajuste consecutivo na taxa Selic. Em comunicado, o Copom indicou que continuar\u00e1 elevando os juros b\u00e1sicos at\u00e9 que a infla\u00e7\u00e3o esteja controlada no m\u00e9dio prazo.<\/p>\n\n\n\n<p>Para o fim de 2023, a estimativa do mercado \u00e9 de que a taxa b\u00e1sica de juros caia para 8% ao ano. E para 2024, a previs\u00e3o \u00e9 de Selic em 7% ao ano, c\u00e1lculo que repete o das semanas anteriores.<\/p>\n\n\n\n<h2>D\u00f3lar<\/h2>\n\n\n\n<p>A expectativa do mercado para a cota\u00e7\u00e3o do d\u00f3lar em 2022 tamb\u00e9m se manteve igual ao projetado na semana passada: R$ 5,60. J\u00e1 para o pr\u00f3ximo ano, o mercado estima que a moeda deve ficar em R$ 5,50. Para 2024, ap\u00f3s um per\u00edodo de estabilidade, a moeda norte-americana deve passar dos R$ 5,40, estimados na semana passada, para R$ 5,39.<\/p>\n\n\n\n<p>Fonte: <a href=\"https:\/\/agenciabrasil.ebc.com.br\/economia\/noticia\/2022-02\/mercado-financeiro-projeta-inflacao-de-544-para-este-ano\" target=\"_blank\" rel=\"noreferrer noopener\">Ag\u00eancia Brasil<\/a><\/p>\n","protected":false},"excerpt":{"rendered":"<p>Previs\u00e3o para a taxa b\u00e1sica de juros ficou est\u00e1vel: 11,75% ao ano<\/p>\n","protected":false},"author":3,"featured_media":5821,"comment_status":"closed","ping_status":"closed","sticky":false,"template":"","format":"standard","meta":[],"categories":[17,2],"tags":[],"_links":{"self":[{"href":"https:\/\/www.confere.org.br\/wordpress\/wp-json\/wp\/v2\/posts\/6522"}],"collection":[{"href":"https:\/\/www.confere.org.br\/wordpress\/wp-json\/wp\/v2\/posts"}],"about":[{"href":"https:\/\/www.confere.org.br\/wordpress\/wp-json\/wp\/v2\/types\/post"}],"author":[{"embeddable":true,"href":"https:\/\/www.confere.org.br\/wordpress\/wp-json\/wp\/v2\/users\/3"}],"replies":[{"embeddable":true,"href":"https:\/\/www.confere.org.br\/wordpress\/wp-json\/wp\/v2\/comments?post=6522"}],"version-history":[{"count":1,"href":"https:\/\/www.confere.org.br\/wordpress\/wp-json\/wp\/v2\/posts\/6522\/revisions"}],"predecessor-version":[{"id":6523,"href":"https:\/\/www.confere.org.br\/wordpress\/wp-json\/wp\/v2\/posts\/6522\/revisions\/6523"}],"wp:featuredmedia":[{"embeddable":true,"href":"https:\/\/www.confere.org.br\/wordpress\/wp-json\/wp\/v2\/media\/5821"}],"wp:attachment":[{"href":"https:\/\/www.confere.org.br\/wordpress\/wp-json\/wp\/v2\/media?parent=6522"}],"wp:term":[{"taxonomy":"category","embeddable":true,"href":"https:\/\/www.confere.org.br\/wordpress\/wp-json\/wp\/v2\/categories?post=6522"},{"taxonomy":"post_tag","embeddable":true,"href":"https:\/\/www.confere.org.br\/wordpress\/wp-json\/wp\/v2\/tags?post=6522"}],"curies":[{"name":"wp","href":"https:\/\/api.w.org\/{rel}","templated":true}]}}