{"id":6531,"date":"2022-02-09T12:19:23","date_gmt":"2022-02-09T14:19:23","guid":{"rendered":"https:\/\/www.confere.org.br\/wordpress\/?p=6531"},"modified":"2022-02-09T12:19:55","modified_gmt":"2022-02-09T14:19:55","slug":"producao-industrial-fecha-2021-com-alta-em-9-de-15-locais-pesquisados","status":"publish","type":"post","link":"https:\/\/www.confere.org.br\/wordpress\/producao-industrial-fecha-2021-com-alta-em-9-de-15-locais-pesquisados\/","title":{"rendered":"Produ\u00e7\u00e3o industrial fecha 2021 com alta em 9 de 15 locais pesquisados"},"content":{"rendered":"\n<p>A produ\u00e7\u00e3o industrial fechou o ano de 2021 com alta&nbsp;de 3,9%, segundo a Pesquisa Industrial Mensal (PIM Regional)&nbsp;divulgada&nbsp;hoje&nbsp;(9) pelo Instituto Brasileiro de Geografia e Estat\u00edstica (IBGE). Com o resultado do&nbsp;m\u00eas de dezembro, o ano passado&nbsp;fechou com crescimento em 9 dos 15 locais analisados.<img src=\"https:\/\/agenciabrasil.ebc.com.br\/ebc.png?id=1441230&amp;o=node\"><img src=\"https:\/\/agenciabrasil.ebc.com.br\/ebc.gif?id=1441230&amp;o=node\"><\/p>\n\n\n\n<p>\u201cO ano de 2021 fechou no positivo, mas foi vol\u00e1til durante os meses. No primeiro semestre, a trajet\u00f3ria foi mais crescente, e o ganho acumulado chegou a ser de 13%. Mas, no segundo semestre, houve perda de f\u00f4lego e a produ\u00e7\u00e3o teve sequ\u00eancia de quedas\u201d, disse, em nota, o gerente da pesquisa, Bernardo Almeida.&nbsp;Na passagem de novembro para dezembro, as produ\u00e7\u00e3o industrial apresentou expans\u00e3o em 10 dos 15 locais pesquisados.<\/p>\n\n\n\n<h4><br>Destaques<\/h4>\n\n\n\n<p>Em 2021, os destaques&nbsp;ficaram para os resultados de Santa Catarina (10,3%), Minas Gerais (9,8%) e Paran\u00e1 (9%), os primeiros em crescimento absoluto, al\u00e9m de S\u00e3o Paulo (5,2%), a maior influ\u00eancia na expans\u00e3o apresentada em 2021, muito devido ao tamanho e ao peso do parque industrial paulista.<\/p>\n\n\n\n<p>Onze das 18 atividades da ind\u00fastria paulista cresceram no ano, com destaque para o setor de ve\u00edculos, onde caminh\u00f5es, autom\u00f3veis e caminh\u00e3o-trator para reboques tiveram os aumentos mais relevantes. \u201cO setor de m\u00e1quinas e equipamentos, com aumento na produ\u00e7\u00e3o de escavadeiras, rolamentos para equipamentos industriais e carregadoras-transportadoras, tamb\u00e9m contribuiu\u201d, afirmou Almeida.<\/p>\n\n\n\n<p>Segundo o IBGE, no estado catarinense, o setor de vestu\u00e1rio impulsionou o crescimento, com aumento na produ\u00e7\u00e3o de camisas e blusas femininas de malha e na produ\u00e7\u00e3o de vestido de malha. A metalurgia tamb\u00e9m colaborou, com alta em artefatos e pe\u00e7as de ferro fundido.<\/p>\n\n\n\n<h4><br>Setores<\/h4>\n\n\n\n<p>O setor metal\u00fargico tamb\u00e9m contribuiu em Minas Gerais,&nbsp;segunda&nbsp;influ\u00eancia positiva nacional. A metalurgia mineira apresentou aumento na produ\u00e7\u00e3o de ferroni\u00f3bio e na siderurgia. O setor extrativo tamb\u00e9m foi relevante para a ind\u00fastria mineira em 2021, com maior produ\u00e7\u00e3o de min\u00e9rio de ferro, mas a principal influ\u00eancia foi o setor de ve\u00edculos, onde caminh\u00e3o-trator para reboques e ve\u00edculos para transportes de mercadorias impulsionaram a produ\u00e7\u00e3o da atividade.<\/p>\n\n\n\n<p>O Paran\u00e1 teve a terceira maior expans\u00e3o no absoluto e foi tamb\u00e9m a terceira maior influ\u00eancia no resultado anual nacional. Puxado pelo setor de m\u00e1quinas e equipamentos, a ind\u00fastria paranaense teve aumento na produ\u00e7\u00e3o de m\u00e1quina para colheita e nos tratores agr\u00edcolas. Tamb\u00e9m o setor de ve\u00edculos, com aumento na produ\u00e7\u00e3o de caminh\u00e3o trator para reboques e caminh\u00f5es e autom\u00f3veis, contribuiu&nbsp;para o aumento no estado.<\/p>\n\n\n\n<p>Rio Grande do Sul (8,8%), Amazonas (6,4%), Esp\u00edrito Santo (4,9%) e Rio&nbsp;de Janeiro&nbsp;(4%) tamb\u00e9m registraram taxas positivas maiores do que a m\u00e9dia nacional (3,9%), enquanto Cear\u00e1 (3,7%) completou o conjunto de locais com avan\u00e7o na produ\u00e7\u00e3o no \u00edndice acumulado no ano.<\/p>\n\n\n\n<h4><br>Recuo<\/h4>\n\n\n\n<p>A Bahia&nbsp;apontou o recuo (-13,2%) mais elevado no \u00edndice acumulado do ano. \u201cEfeito direto da sa\u00edda de uma montadora de ve\u00edculos do estado, em janeiro do ano passado, o que afetou o ano inteiro\u201d, disse o analista da pesquisa.<\/p>\n\n\n\n<p>O setor de derivados do petr\u00f3leo tamb\u00e9m pressionou negativamente o resultado da ind\u00fastria baiana, onde houve queda na produ\u00e7\u00e3o de \u00f3leos combust\u00edveis, \u00f3leo diesel, naftas para petroqu\u00edmicas, parafina e querosene.<\/p>\n\n\n\n<p>A\u00a0Regi\u00e3o Nordeste (-6,2%) e os estados de\u00a0Goi\u00e1s (-4,0%), Par\u00e1 (-3,7%), Mato Grosso (-1%) e Pernambuco (-0,4%) tamb\u00e9m apresentaram taxas negativas no indicador acumulado do per\u00edodo janeiro-dezembro de 2021.<\/p>\n\n\n\n<p><br><br>Fonte: <a href=\"https:\/\/agenciabrasil.ebc.com.br\/economia\/noticia\/2022-02\/producao-industrial-fecha-2021-com-alta-em-9-de-15-locais-pesquisados\" target=\"_blank\" rel=\"noreferrer noopener\">Ag\u00eancia Brasil<\/a><\/p>\n","protected":false},"excerpt":{"rendered":"<p>Destaques foram Santa Catarina, Minas Gerais e Paran\u00e1<\/p>\n","protected":false},"author":3,"featured_media":5711,"comment_status":"closed","ping_status":"closed","sticky":false,"template":"","format":"standard","meta":[],"categories":[2],"tags":[],"_links":{"self":[{"href":"https:\/\/www.confere.org.br\/wordpress\/wp-json\/wp\/v2\/posts\/6531"}],"collection":[{"href":"https:\/\/www.confere.org.br\/wordpress\/wp-json\/wp\/v2\/posts"}],"about":[{"href":"https:\/\/www.confere.org.br\/wordpress\/wp-json\/wp\/v2\/types\/post"}],"author":[{"embeddable":true,"href":"https:\/\/www.confere.org.br\/wordpress\/wp-json\/wp\/v2\/users\/3"}],"replies":[{"embeddable":true,"href":"https:\/\/www.confere.org.br\/wordpress\/wp-json\/wp\/v2\/comments?post=6531"}],"version-history":[{"count":1,"href":"https:\/\/www.confere.org.br\/wordpress\/wp-json\/wp\/v2\/posts\/6531\/revisions"}],"predecessor-version":[{"id":6532,"href":"https:\/\/www.confere.org.br\/wordpress\/wp-json\/wp\/v2\/posts\/6531\/revisions\/6532"}],"wp:featuredmedia":[{"embeddable":true,"href":"https:\/\/www.confere.org.br\/wordpress\/wp-json\/wp\/v2\/media\/5711"}],"wp:attachment":[{"href":"https:\/\/www.confere.org.br\/wordpress\/wp-json\/wp\/v2\/media?parent=6531"}],"wp:term":[{"taxonomy":"category","embeddable":true,"href":"https:\/\/www.confere.org.br\/wordpress\/wp-json\/wp\/v2\/categories?post=6531"},{"taxonomy":"post_tag","embeddable":true,"href":"https:\/\/www.confere.org.br\/wordpress\/wp-json\/wp\/v2\/tags?post=6531"}],"curies":[{"name":"wp","href":"https:\/\/api.w.org\/{rel}","templated":true}]}}