{"id":6534,"date":"2022-02-09T09:46:00","date_gmt":"2022-02-09T11:46:00","guid":{"rendered":"https:\/\/www.confere.org.br\/wordpress\/?p=6534"},"modified":"2022-02-10T10:20:20","modified_gmt":"2022-02-10T12:20:20","slug":"brasil-registra-saldo-positivo-de-26-milhoes-novas-empresas-em-2021","status":"publish","type":"post","link":"https:\/\/www.confere.org.br\/wordpress\/brasil-registra-saldo-positivo-de-26-milhoes-novas-empresas-em-2021\/","title":{"rendered":"Brasil registra saldo positivo de 2,6 milh\u00f5es novas empresas em 2021"},"content":{"rendered":"\n<p>O Minist\u00e9rio da Economia informou nesta quarta-feira (9) que foram abertas no pa\u00eds 4,026 milh\u00f5es de empresas em 2021, um recorde hist\u00f3rico em um ano. No mesmo per\u00edodo, no entanto, foram fechadas 1,410 milh\u00e3o de empresas. O saldo de novos neg\u00f3cios ficou positivo em 2,615 milh\u00f5es.&nbsp;<img src=\"https:\/\/agenciabrasil.ebc.com.br\/ebc.png?id=1441344&amp;o=node\"><img src=\"https:\/\/agenciabrasil.ebc.com.br\/ebc.gif?id=1441344&amp;o=node\"><\/p>\n\n\n\n<p>O quantitativo de empresas abertas representa um aumento de 19,7% em rela\u00e7\u00e3o a 2020. Atualmente, h\u00e1 18,915 milh\u00f5es de empresas ativas no Brasil. Os dados constam no&nbsp;<a href=\"https:\/\/www.gov.br\/governodigital\/pt-br\/mapa-de-empresas\/\" target=\"_blank\" rel=\"noreferrer noopener\">Mapa de Empresas<\/a>, uma plataforma digital do Minist\u00e9rio da Economia que fornece dados sobre o registro empresarial no pa\u00eds. A cada quatro meses, o servi\u00e7o tem as informa\u00e7\u00f5es atualizadas.&nbsp;<\/p>\n\n\n\n<p>O estado do Amap\u00e1 foi o que apresentou o maior crescimento percentual de empresas abertas em 2021, com aumento de 40,9% em rela\u00e7\u00e3o ao ano de 2020, seguido por Alagoas (39,2%), Piau\u00ed (33%), Para\u00edba (31,1%) e Bahia (30,6%). J\u00e1 o Mato Grosso do Sul registrou o menor crescimento de abertura de empresas,&nbsp; 13,6%. Rio de Janeiro (13,7%), Esp\u00edrito Santo (15,3%), Paran\u00e1 (15,5%) e Distrito Federal (15,6%) foram as outras unidades da federa\u00e7\u00e3o que registraram menor expans\u00e3o de novos neg\u00f3cios ao longo do ano passado.&nbsp;<\/p>\n\n\n\n<p>Do total de empresas ativas no Brasil, quase metade (48,5%) \u00e9 do setor de servi\u00e7os, seguida pelas empresas de com\u00e9rcio (33%), ind\u00fastria de transforma\u00e7\u00e3o (9,3%), constru\u00e7\u00e3o civil (7,9%), agropecu\u00e1ria (0,7%), extrativa mineral (0,1%) e outras (0,5%).&nbsp;<\/p>\n\n\n\n<p>Em rela\u00e7\u00e3o ao tipo de neg\u00f3cio, a grande maioria, cerca de 13,2 milh\u00f5es &#8211; do total de 18,9 milh\u00f5es &#8211; s\u00e3o empresas individuais, incluindo o microempreendedor individual (MEI). Em seguida, v\u00eam as empresas Sociedade Empres\u00e1ria Limitada, com 4,4 milh\u00f5es de registros. Os neg\u00f3cios no formato Empresa Individual de Responsabilidade Limitada (Eireli) somam 984.573, as Sociedades An\u00f4nimas s\u00e3o 175.355 e as cooperativas totalizam 34.520 no pa\u00eds. Os demais tipos de empresas somam 64.419.&nbsp;&nbsp;<\/p>\n\n\n\n<h4><br>Tempo de abertura<\/h4>\n\n\n\n<p>Segundo o Mapa, o tempo m\u00e9dio de abertura de empresas diminuiu quase um ter\u00e7o em rela\u00e7\u00e3o ao registrado em janeiro de 2019, caindo de cinco dias e 9 horas para dois dias. Al\u00e9m disso, 57% dos novos neg\u00f3cios j\u00e1 s\u00e3o abertos em menos de um dia.&nbsp;&nbsp;<\/p>\n\n\n\n<p>O estado de Sergipe e o Distrito Federal se destacam como os mais r\u00e1pidos, com tempo m\u00e9dio de um dia para se abrir uma empresa. Entre as capitais, Macei\u00f3 \u00e9 a mais \u00e1gil, com 14 horas, em m\u00e9dia. Ao todo, 18 unidades da federa\u00e7\u00e3o t\u00eam tempo m\u00e9dio de abertura de um novo neg\u00f3cio inferior a dois dias.&nbsp;&nbsp;&nbsp;<\/p>\n\n\n\n<p>Segundo o Minist\u00e9rio da Economia, entre as medidas que est\u00e3o contribuindo para essa agilidade, est\u00e3o o Balc\u00e3o \u00danico, solu\u00e7\u00e3o tecnol\u00f3gica que integra os dados entre \u00f3rg\u00e3os de cada esfera do governo para acelerar o processo de abertura, encerramento e altera\u00e7\u00f5es de dados de empresas. A iniciativa j\u00e1 est\u00e1 presente nas juntas comerciais de 17 estados, com expectativa de implanta\u00e7\u00e3o em todas as unidades federativas at\u00e9 o final do ano.&nbsp;<\/p>\n\n\n\n<p>Outra a\u00e7\u00e3o para agilizar a abertura de novos neg\u00f3cios \u00e9 a utiliza\u00e7\u00e3o da assinatura eletr\u00f4nica GOV.BR, que j\u00e1 est\u00e1 sendo utilizada em 24 juntas comerciais, informou a pasta. A assinatura GOV.BR simplifica o processo de abertura de empresas, \u00e9 gratuita e evita que o empreendedor precise comprar um certificado digital ou emitir procura\u00e7\u00e3o para um advogado ou contador realizar o processo.<\/p>\n\n\n\n<p><br><br>Fonte: <a href=\"https:\/\/agenciabrasil.ebc.com.br\/economia\/noticia\/2022-02\/brasil-registra-saldo-positivo-de-26-milhoes-novas-empresas-em-2021\" target=\"_blank\" rel=\"noreferrer noopener\">Ag\u00eancia Brasil<\/a><\/p>\n","protected":false},"excerpt":{"rendered":"<p>Tempo m\u00e9dio de abertura de novos neg\u00f3cios no pa\u00eds caiu para 2 dias<\/p>\n","protected":false},"author":3,"featured_media":6535,"comment_status":"closed","ping_status":"closed","sticky":false,"template":"","format":"standard","meta":[],"categories":[2],"tags":[],"_links":{"self":[{"href":"https:\/\/www.confere.org.br\/wordpress\/wp-json\/wp\/v2\/posts\/6534"}],"collection":[{"href":"https:\/\/www.confere.org.br\/wordpress\/wp-json\/wp\/v2\/posts"}],"about":[{"href":"https:\/\/www.confere.org.br\/wordpress\/wp-json\/wp\/v2\/types\/post"}],"author":[{"embeddable":true,"href":"https:\/\/www.confere.org.br\/wordpress\/wp-json\/wp\/v2\/users\/3"}],"replies":[{"embeddable":true,"href":"https:\/\/www.confere.org.br\/wordpress\/wp-json\/wp\/v2\/comments?post=6534"}],"version-history":[{"count":1,"href":"https:\/\/www.confere.org.br\/wordpress\/wp-json\/wp\/v2\/posts\/6534\/revisions"}],"predecessor-version":[{"id":6536,"href":"https:\/\/www.confere.org.br\/wordpress\/wp-json\/wp\/v2\/posts\/6534\/revisions\/6536"}],"wp:featuredmedia":[{"embeddable":true,"href":"https:\/\/www.confere.org.br\/wordpress\/wp-json\/wp\/v2\/media\/6535"}],"wp:attachment":[{"href":"https:\/\/www.confere.org.br\/wordpress\/wp-json\/wp\/v2\/media?parent=6534"}],"wp:term":[{"taxonomy":"category","embeddable":true,"href":"https:\/\/www.confere.org.br\/wordpress\/wp-json\/wp\/v2\/categories?post=6534"},{"taxonomy":"post_tag","embeddable":true,"href":"https:\/\/www.confere.org.br\/wordpress\/wp-json\/wp\/v2\/tags?post=6534"}],"curies":[{"name":"wp","href":"https:\/\/api.w.org\/{rel}","templated":true}]}}