{"id":6537,"date":"2022-02-10T10:19:52","date_gmt":"2022-02-10T12:19:52","guid":{"rendered":"https:\/\/www.confere.org.br\/wordpress\/?p=6537"},"modified":"2022-02-10T10:19:54","modified_gmt":"2022-02-10T12:19:54","slug":"setor-de-servicos-avanca-109-em-2021-e-supera-perdas-de-2020","status":"publish","type":"post","link":"https:\/\/www.confere.org.br\/wordpress\/setor-de-servicos-avanca-109-em-2021-e-supera-perdas-de-2020\/","title":{"rendered":"Setor de servi\u00e7os avan\u00e7a 10,9% em 2021 e supera perdas de 2020"},"content":{"rendered":"\n<p>O volume de servi\u00e7os prestados no Brasil cresceu 1,4% em dezembro, na compara\u00e7\u00e3o com novembro, segundo dados divulgados nesta quinta-feira (10) pelo Instituto Brasileiro de Geografia e Estat\u00edstica (<a href=\"https:\/\/g1.globo.com\/tudo-sobre\/ibge\/\">IBGE<\/a>). Com o resultado, o setor fechou 2021 com avan\u00e7o de 10,9%, eliminando as perdas do ano anterior.<\/p>\n\n\n\n<p>Essa foi a maior taxa para um fechamento de ano desde o in\u00edcio da s\u00e9ria hist\u00f3rica do IBGE, em 2012. Importante destacar, por\u00e9m, que o salto ocorre ap\u00f3s o tombo recorde de 7,8% que foi registado no ano de 2020.<\/p>\n\n\n\n<blockquote class=\"wp-block-quote\"><p>&#8220;O setor de servi\u00e7os ampliou o distanciamento com rela\u00e7\u00e3o ao n\u00edvel pr\u00e9-pandemia, situando-se 6,6% acima do n\u00edvel de fevereiro de 2020, e alcan\u00e7ou seu maior o patamar desde agosto de 2015&#8221;, destacou o IBGE.<\/p><\/blockquote>\n\n\n\n<figure class=\"wp-block-image\"><img src=\"https:\/\/s2.glbimg.com\/NjB56BovrMV0zVNvfGZviCbPnEk=\/0x0:1340x1082\/1008x0\/smart\/filters:strip_icc()\/i.s3.glbimg.com\/v1\/AUTH_59edd422c0c84a879bd37670ae4f538a\/internal_photos\/bs\/2022\/5\/T\/R1n669T2WInrHTvCea2Q\/lpay5-volume-de-servi-os-resultados-anuais-.png\" alt=\"Volume de servi\u00e7os (resultados anuais) \u2014 Foto: Economia g1\"\/><\/figure>\n\n\n\n<p>O setor de servi\u00e7os \u00e9 o que possui o maior peso na economia brasileira e foi o mais atingido pela pandemia de Covid-19. Mesmo assim, foi o principal destaque de recupera\u00e7\u00e3o em 2021, impulsionado pelo avan\u00e7o da vacina\u00e7\u00e3o e pelo fim de boa parte das medidas restritivas para conter a dissemina\u00e7\u00e3o do coronav\u00edrus.<\/p>\n\n\n\n<p>O setor de servi\u00e7o&nbsp;<a href=\"https:\/\/g1.globo.com\/trabalho-e-carreira\/noticia\/2022\/02\/03\/veja-100-cargos-que-mais-criaram-e-fecharam-empregos-com-carteira-assinada-em-2021.ghtml\">foi tamb\u00e9m o que mais abriu vagas com carteira assinada no ano passado<\/a>.<\/p>\n\n\n\n<ul><li><a href=\"https:\/\/g1.globo.com\/economia\/noticia\/2022\/02\/09\/vendas-do-comercio-sobem-14percent-em-2021.ghtml\">Vendas do com\u00e9rcio sobem 1,4% em 2021, mas 2\u00ba semestre mostra perda de f\u00f4lego<\/a><\/li><li><a href=\"https:\/\/g1.globo.com\/economia\/noticia\/2022\/02\/02\/producao-industrial-cresce-29percent-em-dezembro.ghtml\">Produ\u00e7\u00e3o industrial volta a crescer em dezembro e fecha 2021 com expans\u00e3o de 3,9%<\/a><\/li><\/ul>\n\n\n\n<h4><br>Perspectivas e incertezas para 2022<\/h4>\n\n\n\n<p>Apesar do avan\u00e7o no n\u00edvel de volume de servi\u00e7os em 2021, a recupera\u00e7\u00e3o do setor ainda tem se dado de maneira desigual e segue prejudicada pela perda do poder de compra da popula\u00e7\u00e3o, desemprego elevado, juros em alta e piora do quadro pand\u00eamico com a chegada da variante \u00f4micron ao Brasil.<\/p>\n\n\n\n<p>A&nbsp;<a href=\"https:\/\/g1.globo.com\/economia\/noticia\/2022\/02\/01\/confianca-empresarial-cai-em-janeiro-para-menor-nivel-desde-abril-de-2021.ghtml\">confian\u00e7a empresarial caiu em janeiro para menor n\u00edvel desde abril de 2021<\/a>, segundo indicador da FGV.<\/p>\n\n\n\n<p>Os economistas do mercado financeiro projetam atualmente um avan\u00e7o de apenas 0,30% do PIB (Produto Interno Bruto) em 2022, bem abaixo da m\u00e9dia global, segundo o \u00faltimo\u00a0<a href=\"https:\/\/g1.globo.com\/economia\/noticia\/2022\/02\/07\/mercado-financeiro-sobe-para-544percent-estimativa-de-inflacao-para-2022.ghtml\">boletim Focus do banco Central<\/a>.<\/p>\n\n\n\n<p>A previs\u00e3o do mercado para a infla\u00e7\u00e3o fechada de 2022 est\u00e1 em 5,44%. Com isso, a expectativa \u00e9 de estouro do teto do sistema de metas pelo segundo ano seguido. A meta central para o IPCA deste ano \u00e9 de 3,50% e ser\u00e1 oficialmente cumprida se o \u00edndice oscilar entre 2% e 5%.<\/p>\n\n\n\n<p>J\u00e1 a expectativa para a taxa b\u00e1sica de juros da economia \u00e9 de que a Selic encerrar\u00e1 2022 em 11,75% ao ano, e parte dos analistas avaliam que a taxa pode superar os 12%.<\/p>\n\n\n\n<p><br><br>Fonte: <a href=\"https:\/\/g1.globo.com\/economia\/noticia\/2022\/02\/10\/setor-de-servicos-cresce-14percent-em-dezembro-diz-ibge.ghtml\" target=\"_blank\" rel=\"noreferrer noopener\">www.g1.globo.com<\/a><\/p>\n","protected":false},"excerpt":{"rendered":"<p>Com resultado, setor fechou o ano passado 6,6% acima do patamar pr\u00e9-pandemia.<\/p>\n","protected":false},"author":3,"featured_media":3660,"comment_status":"closed","ping_status":"closed","sticky":false,"template":"","format":"standard","meta":[],"categories":[2],"tags":[],"_links":{"self":[{"href":"https:\/\/www.confere.org.br\/wordpress\/wp-json\/wp\/v2\/posts\/6537"}],"collection":[{"href":"https:\/\/www.confere.org.br\/wordpress\/wp-json\/wp\/v2\/posts"}],"about":[{"href":"https:\/\/www.confere.org.br\/wordpress\/wp-json\/wp\/v2\/types\/post"}],"author":[{"embeddable":true,"href":"https:\/\/www.confere.org.br\/wordpress\/wp-json\/wp\/v2\/users\/3"}],"replies":[{"embeddable":true,"href":"https:\/\/www.confere.org.br\/wordpress\/wp-json\/wp\/v2\/comments?post=6537"}],"version-history":[{"count":1,"href":"https:\/\/www.confere.org.br\/wordpress\/wp-json\/wp\/v2\/posts\/6537\/revisions"}],"predecessor-version":[{"id":6538,"href":"https:\/\/www.confere.org.br\/wordpress\/wp-json\/wp\/v2\/posts\/6537\/revisions\/6538"}],"wp:featuredmedia":[{"embeddable":true,"href":"https:\/\/www.confere.org.br\/wordpress\/wp-json\/wp\/v2\/media\/3660"}],"wp:attachment":[{"href":"https:\/\/www.confere.org.br\/wordpress\/wp-json\/wp\/v2\/media?parent=6537"}],"wp:term":[{"taxonomy":"category","embeddable":true,"href":"https:\/\/www.confere.org.br\/wordpress\/wp-json\/wp\/v2\/categories?post=6537"},{"taxonomy":"post_tag","embeddable":true,"href":"https:\/\/www.confere.org.br\/wordpress\/wp-json\/wp\/v2\/tags?post=6537"}],"curies":[{"name":"wp","href":"https:\/\/api.w.org\/{rel}","templated":true}]}}