{"id":6542,"date":"2022-02-14T10:34:16","date_gmt":"2022-02-14T12:34:16","guid":{"rendered":"https:\/\/www.confere.org.br\/wordpress\/?p=6542"},"modified":"2022-05-25T12:35:52","modified_gmt":"2022-05-25T15:35:52","slug":"processo-de-licitacao-no-024-2021-revista-intitucional","status":"publish","type":"post","link":"https:\/\/www.confere.org.br\/wordpress\/processo-de-licitacao-no-024-2021-revista-intitucional\/","title":{"rendered":"Processo de Licita\u00e7\u00e3o n\u00ba 024\/2021 &#8211; Revista Institucional"},"content":{"rendered":"\n<p>11\/02\/2022 &#8211; <a rel=\"noreferrer noopener\" href=\"https:\/\/www.confere.org.br\/wordpress\/wp-content\/uploads\/2022\/02\/EDITAL_REVISTAS-2022.pdf\" target=\"_blank\">Edital &#8211;&nbsp;Preg\u00e3o Eletr\u00f4nico n\u00ba 04<\/a><\/p>\n\n\n\n<p>11\/02\/2022 &#8211; <a rel=\"noreferrer noopener\" href=\"https:\/\/www.confere.org.br\/wordpress\/wp-content\/uploads\/2022\/02\/DOU-REVISTAS-2022.pdf\" target=\"_blank\">Publica\u00e7\u00e3o no DOU<\/a><\/p>\n\n\n\n<p>08\/03\/2022 &#8211; <a rel=\"noreferrer noopener\" href=\"https:\/\/www.confere.org.br\/wordpress\/wp-content\/uploads\/2022\/03\/TERMO-DE-ADJUDICACAO-PREGAO-REVOGADO.pdf\" target=\"_blank\">Termo de Adjudica\u00e7\u00e3o &#8211; Contrata\u00e7\u00e3o Revogada<\/a><\/p>\n\n\n\n<p>05\/04\/2022 &#8211; <a href=\"https:\/\/www.confere.org.br\/wordpress\/wp-content\/uploads\/2022\/04\/EDITAL-Pubilcacao-04-04.pdf\" target=\"_blank\" rel=\"noreferrer noopener\">Edital &#8211; Preg\u00e3o Eletr\u00f4nico n\u00ba 005\/2022<\/a><\/p>\n\n\n\n<p>05\/04\/2022 &#8211; <a rel=\"noreferrer noopener\" href=\"https:\/\/www.confere.org.br\/wordpress\/wp-content\/uploads\/2022\/04\/Aviso-de-Licitacao-DOU-05-04.pdf\" target=\"_blank\">Aviso de Licita\u00e7\u00e3o &#8211; DOU<\/a><\/p>\n\n\n\n<p>28\/04\/2022 &#8211; <a rel=\"noreferrer noopener\" href=\"https:\/\/www.confere.org.br\/wordpress\/wp-content\/uploads\/2022\/04\/resultado-por-fornecedor-compasnet.pdf\" target=\"_blank\">Resultado por Fornecedor &#8211; Comprasnet<\/a><\/p>\n\n\n\n<p>28\/04\/2022 &#8211; <a rel=\"noreferrer noopener\" href=\"https:\/\/www.confere.org.br\/wordpress\/wp-content\/uploads\/2022\/04\/TERMO-DE-ADJUDICACAO-comprasnet.pdf\" target=\"_blank\">Termo de Adjudica\u00e7\u00e3o &#8211; Comprasnet<\/a><\/p>\n\n\n\n<p>05\/05\/2022 &#8211; <a rel=\"noreferrer noopener\" href=\"https:\/\/www.confere.org.br\/wordpress\/wp-content\/uploads\/2022\/05\/TERMO-DE-HOMOLOGACAO_revista-institucional.pdf\" target=\"_blank\">Termo de Homologa\u00e7\u00e3o<\/a><\/p>\n\n\n\n<p>25\/05\/2022 &#8211; <a rel=\"noreferrer noopener\" href=\"https:\/\/www.confere.org.br\/wordpress\/wp-content\/uploads\/2022\/05\/Publicacao-monitores-e-revista-DOU_024_2021.pdf\" target=\"_blank\">Extrato de Contrato da\u00a0COAN IND\u00daSTRIA GR\u00c1FICA EIRE no DOU <\/a><\/p>\n","protected":false},"excerpt":{"rendered":"<p>11\/02\/2022 &#8211; Edital &#8211;&nbsp;Preg\u00e3o Eletr\u00f4nico n\u00ba 04 11\/02\/2022 &#8211; Publica\u00e7\u00e3o no DOU 08\/03\/2022 &#8211; Termo de Adjudica\u00e7\u00e3o &#8211; Contrata\u00e7\u00e3o Revogada 05\/04\/2022 &#8211; Edital &#8211; Preg\u00e3o Eletr\u00f4nico n\u00ba 005\/2022 05\/04\/2022 &#8211; Aviso de Licita\u00e7\u00e3o &#8211; DOU 28\/04\/2022 &#8211; Resultado por Fornecedor &#8211; Comprasnet 28\/04\/2022 &#8211; Termo de Adjudica\u00e7\u00e3o &#8211; Comprasnet 05\/05\/2022 &#8211; Termo de Homologa\u00e7\u00e3o 25\/05\/2022 &hellip; <\/p>\n<p class=\"link-more\"><a href=\"https:\/\/www.confere.org.br\/wordpress\/processo-de-licitacao-no-024-2021-revista-intitucional\/\" class=\"more-link\">Continue lendo<span class=\"screen-reader-text\"> &#8220;Processo de Licita\u00e7\u00e3o n\u00ba 024\/2021 &#8211; Revista Institucional&#8221;<\/span><\/a><\/p>\n","protected":false},"author":3,"featured_media":0,"comment_status":"closed","ping_status":"closed","sticky":false,"template":"","format":"standard","meta":[],"categories":[32],"tags":[],"_links":{"self":[{"href":"https:\/\/www.confere.org.br\/wordpress\/wp-json\/wp\/v2\/posts\/6542"}],"collection":[{"href":"https:\/\/www.confere.org.br\/wordpress\/wp-json\/wp\/v2\/posts"}],"about":[{"href":"https:\/\/www.confere.org.br\/wordpress\/wp-json\/wp\/v2\/types\/post"}],"author":[{"embeddable":true,"href":"https:\/\/www.confere.org.br\/wordpress\/wp-json\/wp\/v2\/users\/3"}],"replies":[{"embeddable":true,"href":"https:\/\/www.confere.org.br\/wordpress\/wp-json\/wp\/v2\/comments?post=6542"}],"version-history":[{"count":8,"href":"https:\/\/www.confere.org.br\/wordpress\/wp-json\/wp\/v2\/posts\/6542\/revisions"}],"predecessor-version":[{"id":7486,"href":"https:\/\/www.confere.org.br\/wordpress\/wp-json\/wp\/v2\/posts\/6542\/revisions\/7486"}],"wp:attachment":[{"href":"https:\/\/www.confere.org.br\/wordpress\/wp-json\/wp\/v2\/media?parent=6542"}],"wp:term":[{"taxonomy":"category","embeddable":true,"href":"https:\/\/www.confere.org.br\/wordpress\/wp-json\/wp\/v2\/categories?post=6542"},{"taxonomy":"post_tag","embeddable":true,"href":"https:\/\/www.confere.org.br\/wordpress\/wp-json\/wp\/v2\/tags?post=6542"}],"curies":[{"name":"wp","href":"https:\/\/api.w.org\/{rel}","templated":true}]}}