{"id":6554,"date":"2022-02-14T15:44:17","date_gmt":"2022-02-14T17:44:17","guid":{"rendered":"https:\/\/www.confere.org.br\/wordpress\/?p=6554"},"modified":"2022-02-14T15:44:18","modified_gmt":"2022-02-14T17:44:18","slug":"pl-no-4-888-2019","status":"publish","type":"post","link":"https:\/\/www.confere.org.br\/wordpress\/pl-no-4-888-2019\/","title":{"rendered":"PL n\u00ba 4.888\/2019"},"content":{"rendered":"\n<p>Disp\u00f5e sobre a Governan\u00e7a da Ordena\u00e7\u00e3o P\u00fablica Econ\u00f4mica.<\/p>\n\n\n\n<p><strong>Autor:\u00a0<\/strong>Tiago Mitraud (NOVO\/MG)<\/p>\n\n\n\n<p><a href=\"https:\/\/www.camara.leg.br\/proposicoesWeb\/fichadetramitacao?idProposicao=2312062\" target=\"_blank\" rel=\"noreferrer noopener\">Consulte a tramita\u00e7\u00e3o do PL n\u00ba 4.888\/2019<\/a><\/p>\n","protected":false},"excerpt":{"rendered":"<p>Disp\u00f5e sobre a Governan\u00e7a da Ordena\u00e7\u00e3o P\u00fablica Econ\u00f4mica. Autor:\u00a0Tiago Mitraud (NOVO\/MG) Consulte a tramita\u00e7\u00e3o do PL n\u00ba 4.888\/2019<\/p>\n","protected":false},"author":3,"featured_media":0,"comment_status":"closed","ping_status":"closed","sticky":false,"template":"","format":"standard","meta":[],"categories":[44],"tags":[],"_links":{"self":[{"href":"https:\/\/www.confere.org.br\/wordpress\/wp-json\/wp\/v2\/posts\/6554"}],"collection":[{"href":"https:\/\/www.confere.org.br\/wordpress\/wp-json\/wp\/v2\/posts"}],"about":[{"href":"https:\/\/www.confere.org.br\/wordpress\/wp-json\/wp\/v2\/types\/post"}],"author":[{"embeddable":true,"href":"https:\/\/www.confere.org.br\/wordpress\/wp-json\/wp\/v2\/users\/3"}],"replies":[{"embeddable":true,"href":"https:\/\/www.confere.org.br\/wordpress\/wp-json\/wp\/v2\/comments?post=6554"}],"version-history":[{"count":1,"href":"https:\/\/www.confere.org.br\/wordpress\/wp-json\/wp\/v2\/posts\/6554\/revisions"}],"predecessor-version":[{"id":6555,"href":"https:\/\/www.confere.org.br\/wordpress\/wp-json\/wp\/v2\/posts\/6554\/revisions\/6555"}],"wp:attachment":[{"href":"https:\/\/www.confere.org.br\/wordpress\/wp-json\/wp\/v2\/media?parent=6554"}],"wp:term":[{"taxonomy":"category","embeddable":true,"href":"https:\/\/www.confere.org.br\/wordpress\/wp-json\/wp\/v2\/categories?post=6554"},{"taxonomy":"post_tag","embeddable":true,"href":"https:\/\/www.confere.org.br\/wordpress\/wp-json\/wp\/v2\/tags?post=6554"}],"curies":[{"name":"wp","href":"https:\/\/api.w.org\/{rel}","templated":true}]}}