{"id":6558,"date":"2022-02-15T10:08:30","date_gmt":"2022-02-15T12:08:30","guid":{"rendered":"https:\/\/www.confere.org.br\/wordpress\/?p=6558"},"modified":"2022-02-15T10:08:31","modified_gmt":"2022-02-15T12:08:31","slug":"pl-no-3-867-2020","status":"publish","type":"post","link":"https:\/\/www.confere.org.br\/wordpress\/pl-no-3-867-2020\/","title":{"rendered":"PL n\u00ba 3.867\/2020"},"content":{"rendered":"\n<p>Acrescenta dispositivos ao artigo 32-B, da Lei 8.212 de 24 de julho de 1.991, de forma a dar publicidade \u00e0 contabilidade e folhas de pagamentos dos \u00f3rg\u00e3os da administra\u00e7\u00e3o direta, autarquias, funda\u00e7\u00f5es e empresas p\u00fablicas da Uni\u00e3o, dos Estados, do Distrito Federal e dos Munic\u00edpios.<\/p>\n\n\n\n<p><strong>Autor:\u00a0<\/strong>Delegado Marcelo Freitas (PSL\/MG)<\/p>\n\n\n\n<p><a href=\"https:\/\/www.camara.leg.br\/proposicoesWeb\/fichadetramitacao?idProposicao=2257983\" target=\"_blank\" rel=\"noreferrer noopener\">Consulte a tramita\u00e7\u00e3o do PL n\u00ba 3.867\/2020<\/a><\/p>\n","protected":false},"excerpt":{"rendered":"<p>Acrescenta dispositivos ao artigo 32-B, da Lei 8.212 de 24 de julho de 1.991, de forma a dar publicidade \u00e0 contabilidade e folhas de pagamentos dos \u00f3rg\u00e3os da administra\u00e7\u00e3o direta, autarquias, funda\u00e7\u00f5es e empresas p\u00fablicas da Uni\u00e3o, dos Estados, do Distrito Federal e dos Munic\u00edpios. Autor:\u00a0Delegado Marcelo Freitas (PSL\/MG) Consulte a tramita\u00e7\u00e3o do PL n\u00ba &hellip; <\/p>\n<p class=\"link-more\"><a href=\"https:\/\/www.confere.org.br\/wordpress\/pl-no-3-867-2020\/\" class=\"more-link\">Continue lendo<span class=\"screen-reader-text\"> &#8220;PL n\u00ba 3.867\/2020&#8221;<\/span><\/a><\/p>\n","protected":false},"author":3,"featured_media":0,"comment_status":"closed","ping_status":"closed","sticky":false,"template":"","format":"standard","meta":[],"categories":[44],"tags":[],"_links":{"self":[{"href":"https:\/\/www.confere.org.br\/wordpress\/wp-json\/wp\/v2\/posts\/6558"}],"collection":[{"href":"https:\/\/www.confere.org.br\/wordpress\/wp-json\/wp\/v2\/posts"}],"about":[{"href":"https:\/\/www.confere.org.br\/wordpress\/wp-json\/wp\/v2\/types\/post"}],"author":[{"embeddable":true,"href":"https:\/\/www.confere.org.br\/wordpress\/wp-json\/wp\/v2\/users\/3"}],"replies":[{"embeddable":true,"href":"https:\/\/www.confere.org.br\/wordpress\/wp-json\/wp\/v2\/comments?post=6558"}],"version-history":[{"count":1,"href":"https:\/\/www.confere.org.br\/wordpress\/wp-json\/wp\/v2\/posts\/6558\/revisions"}],"predecessor-version":[{"id":6559,"href":"https:\/\/www.confere.org.br\/wordpress\/wp-json\/wp\/v2\/posts\/6558\/revisions\/6559"}],"wp:attachment":[{"href":"https:\/\/www.confere.org.br\/wordpress\/wp-json\/wp\/v2\/media?parent=6558"}],"wp:term":[{"taxonomy":"category","embeddable":true,"href":"https:\/\/www.confere.org.br\/wordpress\/wp-json\/wp\/v2\/categories?post=6558"},{"taxonomy":"post_tag","embeddable":true,"href":"https:\/\/www.confere.org.br\/wordpress\/wp-json\/wp\/v2\/tags?post=6558"}],"curies":[{"name":"wp","href":"https:\/\/api.w.org\/{rel}","templated":true}]}}