{"id":6596,"date":"2022-02-15T11:38:00","date_gmt":"2022-02-15T13:38:00","guid":{"rendered":"https:\/\/www.confere.org.br\/wordpress\/?p=6596"},"modified":"2022-02-15T11:38:01","modified_gmt":"2022-02-15T13:38:01","slug":"pl-no-4-726-2020","status":"publish","type":"post","link":"https:\/\/www.confere.org.br\/wordpress\/pl-no-4-726-2020\/","title":{"rendered":"PL n\u00ba 4.726\/2020"},"content":{"rendered":"\n<p>Altera a Lei n\u00ba 11.051, de 29 de dezembro de 2004, para excluir da base de c\u00e1lculo da Contribui\u00e7\u00e3o para o PIS\/Pasep e da Cofins os valores repassados pelas sociedades cooperativas de presta\u00e7\u00e3o de servi\u00e7os de representa\u00e7\u00e3o comercial aos cooperados pessoas f\u00edsicas referentes a servi\u00e7os por eles prestados em nome da cooperativa.<\/p>\n\n\n\n<p><strong>Autor:<\/strong> Senador Rodrigo Pacheco (DEM\/MG)<\/p>\n\n\n\n<p><a href=\"https:\/\/www.congressonacional.leg.br\/materias\/materias-bicamerais\/-\/ver\/pl-4726-2020\" target=\"_blank\" rel=\"noreferrer noopener\">Consulte a tramita\u00e7\u00e3o do PL n\u00ba 4.726\/2020<\/a><\/p>\n","protected":false},"excerpt":{"rendered":"<p>Altera a Lei n\u00ba 11.051, de 29 de dezembro de 2004, para excluir da base de c\u00e1lculo da Contribui\u00e7\u00e3o para o PIS\/Pasep e da Cofins os valores repassados pelas sociedades cooperativas de presta\u00e7\u00e3o de servi\u00e7os de representa\u00e7\u00e3o comercial aos cooperados pessoas f\u00edsicas referentes a servi\u00e7os por eles prestados em nome da cooperativa. Autor: Senador Rodrigo &hellip; <\/p>\n<p class=\"link-more\"><a href=\"https:\/\/www.confere.org.br\/wordpress\/pl-no-4-726-2020\/\" class=\"more-link\">Continue lendo<span class=\"screen-reader-text\"> &#8220;PL n\u00ba 4.726\/2020&#8221;<\/span><\/a><\/p>\n","protected":false},"author":3,"featured_media":0,"comment_status":"closed","ping_status":"closed","sticky":false,"template":"","format":"standard","meta":[],"categories":[44],"tags":[],"_links":{"self":[{"href":"https:\/\/www.confere.org.br\/wordpress\/wp-json\/wp\/v2\/posts\/6596"}],"collection":[{"href":"https:\/\/www.confere.org.br\/wordpress\/wp-json\/wp\/v2\/posts"}],"about":[{"href":"https:\/\/www.confere.org.br\/wordpress\/wp-json\/wp\/v2\/types\/post"}],"author":[{"embeddable":true,"href":"https:\/\/www.confere.org.br\/wordpress\/wp-json\/wp\/v2\/users\/3"}],"replies":[{"embeddable":true,"href":"https:\/\/www.confere.org.br\/wordpress\/wp-json\/wp\/v2\/comments?post=6596"}],"version-history":[{"count":1,"href":"https:\/\/www.confere.org.br\/wordpress\/wp-json\/wp\/v2\/posts\/6596\/revisions"}],"predecessor-version":[{"id":6597,"href":"https:\/\/www.confere.org.br\/wordpress\/wp-json\/wp\/v2\/posts\/6596\/revisions\/6597"}],"wp:attachment":[{"href":"https:\/\/www.confere.org.br\/wordpress\/wp-json\/wp\/v2\/media?parent=6596"}],"wp:term":[{"taxonomy":"category","embeddable":true,"href":"https:\/\/www.confere.org.br\/wordpress\/wp-json\/wp\/v2\/categories?post=6596"},{"taxonomy":"post_tag","embeddable":true,"href":"https:\/\/www.confere.org.br\/wordpress\/wp-json\/wp\/v2\/tags?post=6596"}],"curies":[{"name":"wp","href":"https:\/\/api.w.org\/{rel}","templated":true}]}}