{"id":6598,"date":"2022-02-15T11:41:11","date_gmt":"2022-02-15T13:41:11","guid":{"rendered":"https:\/\/www.confere.org.br\/wordpress\/?p=6598"},"modified":"2022-02-15T11:41:12","modified_gmt":"2022-02-15T13:41:12","slug":"pl-no-953-2021","status":"publish","type":"post","link":"https:\/\/www.confere.org.br\/wordpress\/pl-no-953-2021\/","title":{"rendered":"PL n\u00ba 953\/2021"},"content":{"rendered":"\n<p>Institui o Programa de Regulariza\u00e7\u00e3o de D\u00e9bitos n\u00e3o Tribut\u00e1rios (PRD) junto \u00e0s autarquias e funda\u00e7\u00f5es p\u00fablicas federais e \u00e0 Procuradoria-Geral Federal e d\u00e1 outras provid\u00eancias.<\/p>\n\n\n\n<p><a href=\"https:\/\/www25.senado.leg.br\/web\/atividade\/materias\/-\/materia\/147579\" target=\"_blank\" rel=\"noreferrer noopener\">Consulte a tramita\u00e7\u00e3o do PL n\u00ba 953\/2021<\/a><\/p>\n","protected":false},"excerpt":{"rendered":"<p>Institui o Programa de Regulariza\u00e7\u00e3o de D\u00e9bitos n\u00e3o Tribut\u00e1rios (PRD) junto \u00e0s autarquias e funda\u00e7\u00f5es p\u00fablicas federais e \u00e0 Procuradoria-Geral Federal e d\u00e1 outras provid\u00eancias. Consulte a tramita\u00e7\u00e3o do PL n\u00ba 953\/2021<\/p>\n","protected":false},"author":3,"featured_media":0,"comment_status":"closed","ping_status":"closed","sticky":false,"template":"","format":"standard","meta":[],"categories":[44],"tags":[],"_links":{"self":[{"href":"https:\/\/www.confere.org.br\/wordpress\/wp-json\/wp\/v2\/posts\/6598"}],"collection":[{"href":"https:\/\/www.confere.org.br\/wordpress\/wp-json\/wp\/v2\/posts"}],"about":[{"href":"https:\/\/www.confere.org.br\/wordpress\/wp-json\/wp\/v2\/types\/post"}],"author":[{"embeddable":true,"href":"https:\/\/www.confere.org.br\/wordpress\/wp-json\/wp\/v2\/users\/3"}],"replies":[{"embeddable":true,"href":"https:\/\/www.confere.org.br\/wordpress\/wp-json\/wp\/v2\/comments?post=6598"}],"version-history":[{"count":1,"href":"https:\/\/www.confere.org.br\/wordpress\/wp-json\/wp\/v2\/posts\/6598\/revisions"}],"predecessor-version":[{"id":6599,"href":"https:\/\/www.confere.org.br\/wordpress\/wp-json\/wp\/v2\/posts\/6598\/revisions\/6599"}],"wp:attachment":[{"href":"https:\/\/www.confere.org.br\/wordpress\/wp-json\/wp\/v2\/media?parent=6598"}],"wp:term":[{"taxonomy":"category","embeddable":true,"href":"https:\/\/www.confere.org.br\/wordpress\/wp-json\/wp\/v2\/categories?post=6598"},{"taxonomy":"post_tag","embeddable":true,"href":"https:\/\/www.confere.org.br\/wordpress\/wp-json\/wp\/v2\/tags?post=6598"}],"curies":[{"name":"wp","href":"https:\/\/api.w.org\/{rel}","templated":true}]}}