{"id":6601,"date":"2022-02-15T11:50:13","date_gmt":"2022-02-15T13:50:13","guid":{"rendered":"https:\/\/www.confere.org.br\/wordpress\/?p=6601"},"modified":"2022-02-15T11:50:15","modified_gmt":"2022-02-15T13:50:15","slug":"req-no-31-2019","status":"publish","type":"post","link":"https:\/\/www.confere.org.br\/wordpress\/req-no-31-2019\/","title":{"rendered":"REQ n\u00ba 31\/2019"},"content":{"rendered":"\n<p>Requer, nos termos do art. 58, \u00a7 2\u00ba, II, da Constitui\u00e7\u00e3o Federal e do art. 93, II, do Regimento Interno do Senado Federal, a realiza\u00e7\u00e3o de audi\u00eancia p\u00fablica, com o objetivo de debater sobre o &#8220;Enquadramento Funcional dos Trabalhadores nos Conselhos de Fiscaliza\u00e7\u00e3o das Atividades Profissionais&#8221;.<\/p>\n\n\n\n<p><strong>Autor<\/strong>: Senador Rog\u00e9rio Carvalho (PT\/SE)<\/p>\n\n\n\n<p><a href=\"https:\/\/www25.senado.leg.br\/web\/atividade\/materias\/-\/materia\/136090\" target=\"_blank\" rel=\"noreferrer noopener\">Consulte a tramita\u00e7\u00e3o do REQ n\u00ba 31\/2019<\/a><\/p>\n","protected":false},"excerpt":{"rendered":"<p>Requer, nos termos do art. 58, \u00a7 2\u00ba, II, da Constitui\u00e7\u00e3o Federal e do art. 93, II, do Regimento Interno do Senado Federal, a realiza\u00e7\u00e3o de audi\u00eancia p\u00fablica, com o objetivo de debater sobre o &#8220;Enquadramento Funcional dos Trabalhadores nos Conselhos de Fiscaliza\u00e7\u00e3o das Atividades Profissionais&#8221;. Autor: Senador Rog\u00e9rio Carvalho (PT\/SE) Consulte a tramita\u00e7\u00e3o do &hellip; <\/p>\n<p class=\"link-more\"><a href=\"https:\/\/www.confere.org.br\/wordpress\/req-no-31-2019\/\" class=\"more-link\">Continue lendo<span class=\"screen-reader-text\"> &#8220;REQ n\u00ba 31\/2019&#8221;<\/span><\/a><\/p>\n","protected":false},"author":3,"featured_media":0,"comment_status":"closed","ping_status":"closed","sticky":false,"template":"","format":"standard","meta":[],"categories":[44],"tags":[],"_links":{"self":[{"href":"https:\/\/www.confere.org.br\/wordpress\/wp-json\/wp\/v2\/posts\/6601"}],"collection":[{"href":"https:\/\/www.confere.org.br\/wordpress\/wp-json\/wp\/v2\/posts"}],"about":[{"href":"https:\/\/www.confere.org.br\/wordpress\/wp-json\/wp\/v2\/types\/post"}],"author":[{"embeddable":true,"href":"https:\/\/www.confere.org.br\/wordpress\/wp-json\/wp\/v2\/users\/3"}],"replies":[{"embeddable":true,"href":"https:\/\/www.confere.org.br\/wordpress\/wp-json\/wp\/v2\/comments?post=6601"}],"version-history":[{"count":1,"href":"https:\/\/www.confere.org.br\/wordpress\/wp-json\/wp\/v2\/posts\/6601\/revisions"}],"predecessor-version":[{"id":6602,"href":"https:\/\/www.confere.org.br\/wordpress\/wp-json\/wp\/v2\/posts\/6601\/revisions\/6602"}],"wp:attachment":[{"href":"https:\/\/www.confere.org.br\/wordpress\/wp-json\/wp\/v2\/media?parent=6601"}],"wp:term":[{"taxonomy":"category","embeddable":true,"href":"https:\/\/www.confere.org.br\/wordpress\/wp-json\/wp\/v2\/categories?post=6601"},{"taxonomy":"post_tag","embeddable":true,"href":"https:\/\/www.confere.org.br\/wordpress\/wp-json\/wp\/v2\/tags?post=6601"}],"curies":[{"name":"wp","href":"https:\/\/api.w.org\/{rel}","templated":true}]}}