{"id":6603,"date":"2022-02-15T11:55:22","date_gmt":"2022-02-15T13:55:22","guid":{"rendered":"https:\/\/www.confere.org.br\/wordpress\/?p=6603"},"modified":"2022-02-15T11:55:23","modified_gmt":"2022-02-15T13:55:23","slug":"mpv-no-1-040-2021","status":"publish","type":"post","link":"https:\/\/www.confere.org.br\/wordpress\/mpv-no-1-040-2021\/","title":{"rendered":"MPV n\u00ba 1.040\/2021"},"content":{"rendered":"\n<p>Disp\u00f5e sobre a facilita\u00e7\u00e3o para abertura de empresas, a prote\u00e7\u00e3o de acionistas minorit\u00e1rios, a facilita\u00e7\u00e3o do com\u00e9rcio exterior, o Sistema Integrado de Recupera\u00e7\u00e3o de Ativos, as cobran\u00e7as realizadas pelos conselhos profissionais, a profiss\u00e3o de tradutor e int\u00e9rprete p\u00fablico, a obten\u00e7\u00e3o de eletricidade e a prescri\u00e7\u00e3o intercorrente na Lei n\u00ba 10.406, de 10 de janeiro de 2002 &#8211; C\u00f3digo Civil.<\/p>\n\n\n\n<p><strong>Autor:<\/strong> Poder Executivo<\/p>\n","protected":false},"excerpt":{"rendered":"<p>Disp\u00f5e sobre a facilita\u00e7\u00e3o para abertura de empresas, a prote\u00e7\u00e3o de acionistas minorit\u00e1rios, a facilita\u00e7\u00e3o do com\u00e9rcio exterior, o Sistema Integrado de Recupera\u00e7\u00e3o de Ativos, as cobran\u00e7as realizadas pelos conselhos profissionais, a profiss\u00e3o de tradutor e int\u00e9rprete p\u00fablico, a obten\u00e7\u00e3o de eletricidade e a prescri\u00e7\u00e3o intercorrente na Lei n\u00ba 10.406, de 10 de janeiro de &hellip; <\/p>\n<p class=\"link-more\"><a href=\"https:\/\/www.confere.org.br\/wordpress\/mpv-no-1-040-2021\/\" class=\"more-link\">Continue lendo<span class=\"screen-reader-text\"> &#8220;MPV n\u00ba 1.040\/2021&#8221;<\/span><\/a><\/p>\n","protected":false},"author":3,"featured_media":0,"comment_status":"closed","ping_status":"closed","sticky":false,"template":"","format":"standard","meta":[],"categories":[44],"tags":[],"_links":{"self":[{"href":"https:\/\/www.confere.org.br\/wordpress\/wp-json\/wp\/v2\/posts\/6603"}],"collection":[{"href":"https:\/\/www.confere.org.br\/wordpress\/wp-json\/wp\/v2\/posts"}],"about":[{"href":"https:\/\/www.confere.org.br\/wordpress\/wp-json\/wp\/v2\/types\/post"}],"author":[{"embeddable":true,"href":"https:\/\/www.confere.org.br\/wordpress\/wp-json\/wp\/v2\/users\/3"}],"replies":[{"embeddable":true,"href":"https:\/\/www.confere.org.br\/wordpress\/wp-json\/wp\/v2\/comments?post=6603"}],"version-history":[{"count":1,"href":"https:\/\/www.confere.org.br\/wordpress\/wp-json\/wp\/v2\/posts\/6603\/revisions"}],"predecessor-version":[{"id":6604,"href":"https:\/\/www.confere.org.br\/wordpress\/wp-json\/wp\/v2\/posts\/6603\/revisions\/6604"}],"wp:attachment":[{"href":"https:\/\/www.confere.org.br\/wordpress\/wp-json\/wp\/v2\/media?parent=6603"}],"wp:term":[{"taxonomy":"category","embeddable":true,"href":"https:\/\/www.confere.org.br\/wordpress\/wp-json\/wp\/v2\/categories?post=6603"},{"taxonomy":"post_tag","embeddable":true,"href":"https:\/\/www.confere.org.br\/wordpress\/wp-json\/wp\/v2\/tags?post=6603"}],"curies":[{"name":"wp","href":"https:\/\/api.w.org\/{rel}","templated":true}]}}