{"id":6836,"date":"2022-03-29T11:29:59","date_gmt":"2022-03-29T14:29:59","guid":{"rendered":"https:\/\/www.confere.org.br\/wordpress\/?p=6836"},"modified":"2022-03-29T11:30:00","modified_gmt":"2022-03-29T14:30:00","slug":"brasil-cria-3285-mil-empregos-formais-em-fevereiro-acima-do-esperado-segundo-caged","status":"publish","type":"post","link":"https:\/\/www.confere.org.br\/wordpress\/brasil-cria-3285-mil-empregos-formais-em-fevereiro-acima-do-esperado-segundo-caged\/","title":{"rendered":"Brasil cria 328,5 mil empregos formais em fevereiro, acima do esperado, segundo Caged"},"content":{"rendered":"\n<p>O Brasil abriu 328.507 vagas formais de trabalho em fevereiro, segundo o Cadastro Geral de Empregados e Desempregados (Caged) divulgado nesta ter\u00e7a-feira pelo Minist\u00e9rio do Trabalho e Previd\u00eancia.<\/p>\n\n\n\n<p>O resultado veio bem acima da cria\u00e7\u00e3o l\u00edquida de 210 mil postos projetado por analistas em pesquisa Reuters.<\/p>\n\n\n\n<p>O dado de fevereiro \u00e9 resultado de 2,013 milh\u00f5es de contrata\u00e7\u00f5es e 1,685 milh\u00e3o de desligamentos. Foi o segundo melhor resultado para o m\u00eas da s\u00e9rie iniciada em 2010, perdendo apenas para 2021, quando o saldo foi de 397.915 postos.<\/p>\n\n\n\n<p>No m\u00eas, houve saldo positivo de vagas em todos os setores mapeados. O melhor resultado ficou com servi\u00e7os, com abertura de 215.421 postos, seguido da ind\u00fastria, com 43.000. Houve cria\u00e7\u00e3o de 39.453 empregos formais na constru\u00e7\u00e3o, 17.415 na agropecu\u00e1ria e 13.219 no com\u00e9rcio.<\/p>\n\n\n\n<p>No recorte regional, o Sudeste criou 162.442 vagas no m\u00eas e o Sul abriu 82.898 postos. O saldo ficou em 40.930 no Centro-Oeste, 28.085 no Nordeste e 12.727 no Norte.<\/p>\n\n\n\n<p>No acumulado dos dois primeiros meses do ano, foram abertas 478.862 vagas, sobre cria\u00e7\u00e3o de 651.756 postos em igual per\u00edodo de 2021.<\/p>\n\n\n\n<p>Com rela\u00e7\u00e3o ao sal\u00e1rio m\u00e9dio de contrata\u00e7\u00e3o, houve recuo em fevereiro ap\u00f3s alta registrada no m\u00eas anterior. O valor ficou em 1.878,66, ante 1.939,80 em janeiro.<\/p>\n\n\n\n<p><br><br>Fonte: <a href=\"https:\/\/www.infomoney.com.br\/economia\/brasil-cria-3285-mil-empregos-formais-em-fevereiro-acima-do-esperado-segundo-caged\/\" target=\"_blank\" rel=\"noreferrer noopener\">Infomoney<\/a><\/p>\n","protected":false},"excerpt":{"rendered":"<p>O dado de fevereiro \u00e9 resultado de 2,013 milh\u00f5es de contrata\u00e7\u00f5es e 1,685 milh\u00e3o de desligamentos<\/p>\n","protected":false},"author":3,"featured_media":5813,"comment_status":"closed","ping_status":"closed","sticky":false,"template":"","format":"standard","meta":[],"categories":[2],"tags":[],"_links":{"self":[{"href":"https:\/\/www.confere.org.br\/wordpress\/wp-json\/wp\/v2\/posts\/6836"}],"collection":[{"href":"https:\/\/www.confere.org.br\/wordpress\/wp-json\/wp\/v2\/posts"}],"about":[{"href":"https:\/\/www.confere.org.br\/wordpress\/wp-json\/wp\/v2\/types\/post"}],"author":[{"embeddable":true,"href":"https:\/\/www.confere.org.br\/wordpress\/wp-json\/wp\/v2\/users\/3"}],"replies":[{"embeddable":true,"href":"https:\/\/www.confere.org.br\/wordpress\/wp-json\/wp\/v2\/comments?post=6836"}],"version-history":[{"count":1,"href":"https:\/\/www.confere.org.br\/wordpress\/wp-json\/wp\/v2\/posts\/6836\/revisions"}],"predecessor-version":[{"id":6837,"href":"https:\/\/www.confere.org.br\/wordpress\/wp-json\/wp\/v2\/posts\/6836\/revisions\/6837"}],"wp:featuredmedia":[{"embeddable":true,"href":"https:\/\/www.confere.org.br\/wordpress\/wp-json\/wp\/v2\/media\/5813"}],"wp:attachment":[{"href":"https:\/\/www.confere.org.br\/wordpress\/wp-json\/wp\/v2\/media?parent=6836"}],"wp:term":[{"taxonomy":"category","embeddable":true,"href":"https:\/\/www.confere.org.br\/wordpress\/wp-json\/wp\/v2\/categories?post=6836"},{"taxonomy":"post_tag","embeddable":true,"href":"https:\/\/www.confere.org.br\/wordpress\/wp-json\/wp\/v2\/tags?post=6836"}],"curies":[{"name":"wp","href":"https:\/\/api.w.org\/{rel}","templated":true}]}}