{"id":6925,"date":"2022-04-06T10:29:26","date_gmt":"2022-04-06T13:29:26","guid":{"rendered":"https:\/\/www.confere.org.br\/wordpress\/?p=6925"},"modified":"2022-04-06T12:25:08","modified_gmt":"2022-04-06T15:25:08","slug":"sistema-confere-cores-prestigia-o-lancamento-do-livro-boas-vendas-guia-pratico-para-iniciar-na-profissao-de-representante-comercial-de-roberto-salvo-diretor-presidente-do","status":"publish","type":"post","link":"https:\/\/www.confere.org.br\/wordpress\/sistema-confere-cores-prestigia-o-lancamento-do-livro-boas-vendas-guia-pratico-para-iniciar-na-profissao-de-representante-comercial-de-roberto-salvo-diretor-presidente-do\/","title":{"rendered":"Sistema Confere\/Cores prestigia o lan\u00e7amento do livro \u201cBoas Vendas \u2013 Guia Pr\u00e1tico para iniciar na profiss\u00e3o de representante comercial\u201d, de Roberto Salvo, diretor-presidente do Core-RS"},"content":{"rendered":"\n<p>Na noite de ontem, dia 5 de abril, o Sistema Confere\/Cores prestigiou o lan\u00e7amento do livro \u201cBoas Vendas \u2013 Guia Pr\u00e1tico para iniciar na profiss\u00e3o de representante comercial\u201d, escrito por Roberto Salvo, diretor-presidente do Core-RS.<\/p>\n\n\n\n<p>Na ocasi\u00e3o, o presidente do Confere e do Core-PE, Archimedes Cavalcanti J\u00fanior, homenageou Roberto Salvo, com a entrega do trof\u00e9u \u201cO Mascate\u201d, maior honraria do Regional pernambucano.<\/p>\n\n\n\n<figure class=\"wp-block-image size-full\"><img width=\"900\" height=\"675\" src=\"https:\/\/www.confere.org.br\/wordpress\/wp-content\/uploads\/2022\/04\/lancamento-do-livro.jpg\" alt=\"\" class=\"wp-image-6924\" srcset=\"https:\/\/www.confere.org.br\/wordpress\/wp-content\/uploads\/2022\/04\/lancamento-do-livro.jpg 900w, https:\/\/www.confere.org.br\/wordpress\/wp-content\/uploads\/2022\/04\/lancamento-do-livro-300x225.jpg 300w, https:\/\/www.confere.org.br\/wordpress\/wp-content\/uploads\/2022\/04\/lancamento-do-livro-768x576.jpg 768w\" sizes=\"(max-width: 900px) 100vw, 900px\" \/><figcaption>Archimedes Cavalcanti J\u00fanior, diretor-presidente do Confere, e Roberto Salvo, diretor-presidente do Core-RS<\/figcaption><\/figure>\n\n\n\n<p><\/p>\n\n\n\n<p>&#8220;Hoje, vivemos dois momentos importantes e complementares entre si, o lan\u00e7amento do livro e homenagem ao Salvo.<\/p>\n\n\n\n<p>O livro vem ao encontro do pensamento da nova gest\u00e3o do Confere, que \u00e9 o fomento \u00e0 atividade da Representa\u00e7\u00e3o Comercial, ao orientar, mapear e oferecer os primeiros passos com seguran\u00e7a para o exerc\u00edcio dessa profiss\u00e3o. \u00c9 um est\u00edmulo para novos entrantes, atrav\u00e9s de uma leitura f\u00e1cil e objetiva. Temos pouca literatura sobre nossa atividade, e essa foi uma ideia inteligente e oportuna, fruto de quem vive e respira as oportunidades e obst\u00e1culos da Representa\u00e7\u00e3o Comercial, em seu dia a dia.<\/p>\n\n\n\n<p>A\u00ed, \u00e9 que se mistura o homem e o livro. O homem que nos brinda, nos homenageia com esta excelente obra \u00e9 o mesmo que, nesta noite, merece a nossa rever\u00eancia e o nosso reconhecimento. O Sistema Confere\/Cores, com lideran\u00e7as de v\u00e1rios estados se fazem presentes para isso. De h\u00e1bitos simples e discretos, Roberto Salvo carrega uma grande bagagem em sua vida acad\u00eamica e profissional. Na Representa\u00e7\u00e3o Comercial, \u00e9 um l\u00edder nacional, respeitado e querido por seus pares e pela categoria ga\u00facha, que o levou \u00e0 Presid\u00eancia do Core-RS, com ampla participa\u00e7\u00e3o. O Core-RS exerce protagonismo com permanentes a\u00e7\u00f5es inovadoras para o profissional e para o setor econ\u00f4mico da Representa\u00e7\u00e3o Comercial. \u00c9 um Conselho reconhecido por boas pr\u00e1ticas de governan\u00e7a p\u00fablica, estando inserido e alinhado com este novo Confere, que iremos construir. Por este conjunto de valores, o homenageamos com o trof\u00e9u \u201cO Mascate\u201d, concedido apenas \u00e0queles que fazem ou fizeram a diferen\u00e7a para a Representa\u00e7\u00e3o Comercial Brasileira&#8221;, discursou Archimedes.<\/p>\n\n\n\n<p>O deputado federal Afonso Motta (PDT-RS), tamb\u00e9m, compareceu ao evento para parabenizar o presidente do Core-RS e, mais uma vez, demonstrou o seu apre\u00e7o pela categoria dos representantes comerciais.<\/p>\n\n\n\n<p>\u201cRoberto Salvo tem uma grande representa\u00e7\u00e3o no seu exerc\u00edcio profissional e, agora, com essa obra publicada, que traz aquilo que \u00e9 fundamental na lideran\u00e7a: a sensibilidade e desprendimento para oferecer a sua experi\u00eancia aos representantes comerciais\u201d, destacou o Afonso Motta.<\/p>\n\n\n\n<p>Para o deputado, foi um privil\u00e9gio, como presidente da Comiss\u00e3o&nbsp;de Trabalho, Administra\u00e7\u00e3o e Servi\u00e7o P\u00fablico (CTASP), poder, juntamente com o trabalho desenvolvido pelo Sistema Confere\/Cores e grande mobiliza\u00e7\u00e3o da categoria dos representantes comerciais, conquistar a retirada do PL n\u00ba 5.761, uma proposi\u00e7\u00e3o inoportuna de altera\u00e7\u00e3o na regula\u00e7\u00e3o da atividade de Representa\u00e7\u00e3o Comercial, que feria o bom senso.<\/p>\n\n\n\n<p>\u201cPara mim, a rela\u00e7\u00e3o que tenho hoje com os representantes comerciais \u00e9 um grande patrim\u00f4nio. Farei, sempre, tudo que tiver ao meu alcance, em qualquer circunst\u00e2ncia\u201d, ressaltou.<\/p>\n\n\n\n<figure class=\"wp-container-2 wp-block-gallery-1 wp-block-gallery columns-1 is-cropped\"><ul class=\"blocks-gallery-grid\"><li class=\"blocks-gallery-item\"><figure><img width=\"1024\" height=\"682\" src=\"https:\/\/www.confere.org.br\/wordpress\/wp-content\/uploads\/2022\/04\/WhatsApp-Image-2022-04-06-at-07.15.41-1024x682.jpeg\" alt=\"\" data-id=\"6929\" data-full-url=\"https:\/\/www.confere.org.br\/wordpress\/wp-content\/uploads\/2022\/04\/WhatsApp-Image-2022-04-06-at-07.15.41.jpeg\" data-link=\"https:\/\/www.confere.org.br\/wordpress\/whatsapp-image-2022-04-06-at-07-15-41\/\" class=\"wp-image-6929\" srcset=\"https:\/\/www.confere.org.br\/wordpress\/wp-content\/uploads\/2022\/04\/WhatsApp-Image-2022-04-06-at-07.15.41-1024x682.jpeg 1024w, https:\/\/www.confere.org.br\/wordpress\/wp-content\/uploads\/2022\/04\/WhatsApp-Image-2022-04-06-at-07.15.41-300x200.jpeg 300w, https:\/\/www.confere.org.br\/wordpress\/wp-content\/uploads\/2022\/04\/WhatsApp-Image-2022-04-06-at-07.15.41-768x512.jpeg 768w, https:\/\/www.confere.org.br\/wordpress\/wp-content\/uploads\/2022\/04\/WhatsApp-Image-2022-04-06-at-07.15.41.jpeg 1280w\" sizes=\"(max-width: 1024px) 100vw, 1024px\" \/><figcaption class=\"blocks-gallery-item__caption\"> Roberto Salvo, diretor-presidente do Core-RS, e o deputado Afonso Motta<\/figcaption><\/figure><\/li><\/ul><\/figure>\n\n\n\n<p><\/p>\n\n\n\n<p><\/p>\n\n\n\n<p>Tamb\u00e9m participaram da solenidade, os delegados do Confere: Sidney Fernandes Gutierrez, diretor-tesoureiro do Confere e diretor-presidente do Core-SP; Jo\u00e3o Pedro Silva Rosa, diretor-presidente do Core-SC; Marcos Ant\u00f4nio de Oliveira Silva, diretor-tesoureiro do Core-PB; Petr\u00facio da Silva, diretor-tesoureiro do Core-SE; Milton Carlos Silva, diretor-tesoureiro do Core-DF.<\/p>\n","protected":false},"excerpt":{"rendered":"<p>Afonso Motta, deputado federal, tamb\u00e9m, compareceu ao evento para parabenizar o presidente do Core-RS<\/p>\n","protected":false},"author":3,"featured_media":6926,"comment_status":"closed","ping_status":"closed","sticky":false,"template":"","format":"standard","meta":[],"categories":[34,49,17],"tags":[],"_links":{"self":[{"href":"https:\/\/www.confere.org.br\/wordpress\/wp-json\/wp\/v2\/posts\/6925"}],"collection":[{"href":"https:\/\/www.confere.org.br\/wordpress\/wp-json\/wp\/v2\/posts"}],"about":[{"href":"https:\/\/www.confere.org.br\/wordpress\/wp-json\/wp\/v2\/types\/post"}],"author":[{"embeddable":true,"href":"https:\/\/www.confere.org.br\/wordpress\/wp-json\/wp\/v2\/users\/3"}],"replies":[{"embeddable":true,"href":"https:\/\/www.confere.org.br\/wordpress\/wp-json\/wp\/v2\/comments?post=6925"}],"version-history":[{"count":8,"href":"https:\/\/www.confere.org.br\/wordpress\/wp-json\/wp\/v2\/posts\/6925\/revisions"}],"predecessor-version":[{"id":6937,"href":"https:\/\/www.confere.org.br\/wordpress\/wp-json\/wp\/v2\/posts\/6925\/revisions\/6937"}],"wp:featuredmedia":[{"embeddable":true,"href":"https:\/\/www.confere.org.br\/wordpress\/wp-json\/wp\/v2\/media\/6926"}],"wp:attachment":[{"href":"https:\/\/www.confere.org.br\/wordpress\/wp-json\/wp\/v2\/media?parent=6925"}],"wp:term":[{"taxonomy":"category","embeddable":true,"href":"https:\/\/www.confere.org.br\/wordpress\/wp-json\/wp\/v2\/categories?post=6925"},{"taxonomy":"post_tag","embeddable":true,"href":"https:\/\/www.confere.org.br\/wordpress\/wp-json\/wp\/v2\/tags?post=6925"}],"curies":[{"name":"wp","href":"https:\/\/api.w.org\/{rel}","templated":true}]}}