{"id":7155,"date":"2022-04-27T08:48:14","date_gmt":"2022-04-27T11:48:14","guid":{"rendered":"https:\/\/www.confere.org.br\/wordpress\/?p=7155"},"modified":"2022-04-28T10:53:44","modified_gmt":"2022-04-28T13:53:44","slug":"core-ce-busca-parceria-com-camara-de-dirigentes-lojistas-cdl-em-fortaleza","status":"publish","type":"post","link":"https:\/\/www.confere.org.br\/wordpress\/core-ce-busca-parceria-com-camara-de-dirigentes-lojistas-cdl-em-fortaleza\/","title":{"rendered":"Core-CE busca parceria com C\u00e2mara de Dirigentes Lojistas (CDL), em Fortaleza"},"content":{"rendered":"\n<p>A reuni\u00e3o integra a mobiliza\u00e7\u00e3o que o Core-CE est\u00e1 realizando, com interc\u00e2mbio de ideias e iniciativas em institui\u00e7\u00f5es p\u00fablicas e privadas. A expectativa \u00e9 de que as a\u00e7\u00f5es possam ser postas em pr\u00e1tica ainda neste ano de 2022.<\/p>\n\n\n\n<p>&#8220;N\u00f3s estamos refor\u00e7ando a atua\u00e7\u00e3o do Core e, tamb\u00e9m,  buscando por parcerias que possam fortalecer o nosso trabalho&#8221;, ressaltou o diretor-presidente do Regional, Francisco de Assis Philomeno Gomes Junior.<\/p>\n\n\n\n<p>Na ocasi\u00e3o, o presidente da CDL, Assis Cavalcante, reconheceu o papel desempenhado pelos representantes ao tempo que j\u00e1 disponibilizou os canais de comunica\u00e7\u00e3o para que o Core possa esclarecer os direitos e deveres da categoria.<\/p>\n\n\n\n<p>Participaram tamb\u00e9m da reuni\u00e3o: Francisco Barreto, vice-presidente do Core-CE, e Paulo Alberoni Pinto, diretor-tesoureiro do Core-CE.<\/p>\n\n\n\n<p>Fonte: Core-CE<\/p>\n","protected":false},"excerpt":{"rendered":"<p>Nesta ter\u00e7a-feira (26\/04), os dirigentes do Core-CE cumpriram agenda na C\u00e2mara de Dirigentes Lojistas (CDL), em Fortaleza. Na pauta, tratativas acerca de parcerias que possam fortalecer a cadeia que envolve o com\u00e9rcio.<\/p>\n","protected":false},"author":3,"featured_media":7156,"comment_status":"closed","ping_status":"closed","sticky":false,"template":"","format":"standard","meta":[],"categories":[34,17],"tags":[],"_links":{"self":[{"href":"https:\/\/www.confere.org.br\/wordpress\/wp-json\/wp\/v2\/posts\/7155"}],"collection":[{"href":"https:\/\/www.confere.org.br\/wordpress\/wp-json\/wp\/v2\/posts"}],"about":[{"href":"https:\/\/www.confere.org.br\/wordpress\/wp-json\/wp\/v2\/types\/post"}],"author":[{"embeddable":true,"href":"https:\/\/www.confere.org.br\/wordpress\/wp-json\/wp\/v2\/users\/3"}],"replies":[{"embeddable":true,"href":"https:\/\/www.confere.org.br\/wordpress\/wp-json\/wp\/v2\/comments?post=7155"}],"version-history":[{"count":1,"href":"https:\/\/www.confere.org.br\/wordpress\/wp-json\/wp\/v2\/posts\/7155\/revisions"}],"predecessor-version":[{"id":7157,"href":"https:\/\/www.confere.org.br\/wordpress\/wp-json\/wp\/v2\/posts\/7155\/revisions\/7157"}],"wp:featuredmedia":[{"embeddable":true,"href":"https:\/\/www.confere.org.br\/wordpress\/wp-json\/wp\/v2\/media\/7156"}],"wp:attachment":[{"href":"https:\/\/www.confere.org.br\/wordpress\/wp-json\/wp\/v2\/media?parent=7155"}],"wp:term":[{"taxonomy":"category","embeddable":true,"href":"https:\/\/www.confere.org.br\/wordpress\/wp-json\/wp\/v2\/categories?post=7155"},{"taxonomy":"post_tag","embeddable":true,"href":"https:\/\/www.confere.org.br\/wordpress\/wp-json\/wp\/v2\/tags?post=7155"}],"curies":[{"name":"wp","href":"https:\/\/api.w.org\/{rel}","templated":true}]}}