{"id":7160,"date":"2022-04-27T12:21:10","date_gmt":"2022-04-27T15:21:10","guid":{"rendered":"https:\/\/www.confere.org.br\/wordpress\/?p=7160"},"modified":"2022-06-27T17:02:03","modified_gmt":"2022-06-27T20:02:03","slug":"eleicao-core-mt-trienio-2022-2025","status":"publish","type":"post","link":"https:\/\/www.confere.org.br\/wordpress\/eleicao-core-mt-trienio-2022-2025\/","title":{"rendered":"ELEI\u00c7\u00c3O CORE-MT  &#8211; TRI\u00caNIO 2022\/2025"},"content":{"rendered":"\n<p>1.&nbsp;Edital<br>&#8211; <a href=\"https:\/\/www.confere.org.br\/wordpress\/wp-content\/uploads\/2022\/04\/EDITAL-DE-CONVOCACAO-PUBLICADO-NO-DOU.pdf\" target=\"_blank\" rel=\"noreferrer noopener\">Publicado no Di\u00e1rio Oficial da Uni\u00e3o no dia 25.04.22<\/a><br>&#8211; <a href=\"https:\/\/www.confere.org.br\/wordpress\/wp-content\/uploads\/2022\/04\/EDITAL-DE-CONVOCACAO-PUBLICADO-NO-JORNAL-A-GAZETA.pdf\" target=\"_blank\" rel=\"noreferrer noopener\">Publicado no Jornal A Gazeta no dia 25.04.22<\/a><\/p>\n\n\n\n<p>2.\u00a0<a href=\"https:\/\/www.confere.org.br\/wordpress\/wp-content\/uploads\/2022\/06\/regulamento-eleitoral-mt___.pdf\" target=\"_blank\" rel=\"noreferrer noopener\">Regulamento Eleitoral<\/a><\/p>\n\n\n\n<p>3.&nbsp;<a href=\"https:\/\/www.confere.org.br\/wordpress\/wp-content\/uploads\/2022\/04\/REQUERIMENTO-REGISTRO-DE-CHAPA-CORE-MT.pdf\" target=\"_blank\" rel=\"noreferrer noopener\">Requerimento de Registro de Chapa<\/a><\/p>\n\n\n\n<p>4.&nbsp;<a href=\"https:\/\/www.confere.org.br\/wordpress\/wp-content\/uploads\/2022\/04\/FICHA-DE-QUALIFICACAO-CORE-MT.pdf\" target=\"_blank\" rel=\"noreferrer noopener\">Ficha de Qualifica\u00e7\u00e3o<\/a><\/p>\n\n\n\n<p>5.&nbsp;<a href=\"https:\/\/www.confere.org.br\/wordpress\/wp-content\/uploads\/2022\/04\/DECLARACAO-DE-AQUIESCENCIA-CORE-MT.pdf\" target=\"_blank\" rel=\"noreferrer noopener\">Declara\u00e7\u00e3o de Aquiesc\u00eancia<\/a><\/p>\n\n\n\n<p>6. Resolu\u00e7\u00e3o n\u00ba 2.004\/2022 &#8211; Confere<br>&#8211; <a rel=\"noreferrer noopener\" href=\"https:\/\/www.confere.org.br\/wordpress\/wp-content\/uploads\/2022\/04\/Resolucao-2004-de-2022.pdf\" target=\"_blank\">Publicado no Di\u00e1rio Oficial da Uni\u00e3o no dia 27.04.22<\/a><\/p>\n\n\n\n<p> 7.Aviso de Registro de Chapa<br><a rel=\"noreferrer noopener\" href=\"https:\/\/www.confere.org.br\/wordpress\/wp-content\/uploads\/2022\/05\/Publicacao-do-Deferimento-do-Registro-de-Chapa.pdf\" target=\"_blank\">&#8211; Publicado no Di\u00e1rio Oficial da Uni\u00e3o em 12.05.2022<\/a><br><a rel=\"noreferrer noopener\" href=\"https:\/\/www.confere.org.br\/wordpress\/wp-content\/uploads\/2022\/05\/GAZETA-12-05-2022-1.pdf\" target=\"_blank\">&#8211;&nbsp;<\/a><a rel=\"noreferrer noopener\" href=\"https:\/\/www.confere.org.br\/wordpress\/wp-content\/uploads\/2022\/05\/GAZETA-12-05-2022.pdf\" target=\"_blank\">Publicado no Jornal A Gazeta &#8211; Cuiab\u00e1 -MT, no dia 12.05.2022<\/a> <\/p>\n\n\n\n<p> &#8211; <a href=\"https:\/\/www.confere.org.br\/wordpress\/wp-content\/uploads\/2022\/05\/Portaria-034-2022.pdf\">Portaria n\u00ba 034\/2022<\/a><br>Nomeia integrante substituto da Mesa Receptora\/Apuradora de Votos &#8211; Delegacia de Rondon\u00f3polis<\/p>\n\n\n\n<p> &#8211; Portaria n\u00ba 34\/2022, publicada no<a rel=\"noreferrer noopener\" href=\"https:\/\/www.confere.org.br\/wordpress\/wp-content\/uploads\/2022\/05\/Portaria-34.pdf\" target=\"_blank\"> Di\u00e1rio Oficial da Uni\u00e3o, em 25.05.2022<\/a> <\/p>\n","protected":false},"excerpt":{"rendered":"<p>Processo Eleitoral para composi\u00e7\u00e3o do Core-MT<\/p>\n","protected":false},"author":3,"featured_media":0,"comment_status":"closed","ping_status":"closed","sticky":false,"template":"","format":"standard","meta":[],"categories":[43],"tags":[],"_links":{"self":[{"href":"https:\/\/www.confere.org.br\/wordpress\/wp-json\/wp\/v2\/posts\/7160"}],"collection":[{"href":"https:\/\/www.confere.org.br\/wordpress\/wp-json\/wp\/v2\/posts"}],"about":[{"href":"https:\/\/www.confere.org.br\/wordpress\/wp-json\/wp\/v2\/types\/post"}],"author":[{"embeddable":true,"href":"https:\/\/www.confere.org.br\/wordpress\/wp-json\/wp\/v2\/users\/3"}],"replies":[{"embeddable":true,"href":"https:\/\/www.confere.org.br\/wordpress\/wp-json\/wp\/v2\/comments?post=7160"}],"version-history":[{"count":8,"href":"https:\/\/www.confere.org.br\/wordpress\/wp-json\/wp\/v2\/posts\/7160\/revisions"}],"predecessor-version":[{"id":7698,"href":"https:\/\/www.confere.org.br\/wordpress\/wp-json\/wp\/v2\/posts\/7160\/revisions\/7698"}],"wp:attachment":[{"href":"https:\/\/www.confere.org.br\/wordpress\/wp-json\/wp\/v2\/media?parent=7160"}],"wp:term":[{"taxonomy":"category","embeddable":true,"href":"https:\/\/www.confere.org.br\/wordpress\/wp-json\/wp\/v2\/categories?post=7160"},{"taxonomy":"post_tag","embeddable":true,"href":"https:\/\/www.confere.org.br\/wordpress\/wp-json\/wp\/v2\/tags?post=7160"}],"curies":[{"name":"wp","href":"https:\/\/api.w.org\/{rel}","templated":true}]}}