{"id":7172,"date":"2022-04-28T10:26:30","date_gmt":"2022-04-28T13:26:30","guid":{"rendered":"https:\/\/www.confere.org.br\/wordpress\/?p=7172"},"modified":"2022-04-28T10:26:58","modified_gmt":"2022-04-28T13:26:58","slug":"core-sp-realizara-plantao-juridico-em-campinas","status":"publish","type":"post","link":"https:\/\/www.confere.org.br\/wordpress\/core-sp-realizara-plantao-juridico-em-campinas\/","title":{"rendered":"Core-SP realizar\u00e1 Plant\u00e3o Jur\u00eddico, em Campinas"},"content":{"rendered":"\n<p>O Plant\u00e3o Jur\u00eddico do Core-SP nasceu, h\u00e1 dois anos, com o objetivo de levar aos representantes comerciais que atuam no interior e no litoral do Estado a expertise de nossa equipe jur\u00eddica a respeito da legisla\u00e7\u00e3o que rege o exerc\u00edcio da profiss\u00e3o.<\/p>\n\n\n\n<p>\u00c9 tamb\u00e9m uma oportunidade de os profissionais esclarecerem suas d\u00favidas presencialmente, mas sempre seguindo os protocolos sanit\u00e1rios.<\/p>\n\n\n\n<p>O evento ocorrer\u00e1 nos dias 11 e 12 de maio, das 10h \u00e0s 16h30, no munic\u00edpio de Campinas, na Seccional, situada no seguinte endere\u00e7o: Rua Alecrins, 914 &#8211; 3\u00b0 andar Edif\u00edcio Life Town.<\/p>\n\n\n\n<p>\u00c9 importante enfatizar que o uso de m\u00e1scaras \u00e9 imprescind\u00edvel nas depend\u00eancias do Conselho, e que cada atendimento individual ter\u00e1 a dura\u00e7\u00e3o m\u00e1xima de 30 minutos.<\/p>\n\n\n\n<hr class=\"wp-block-separator\"\/>\n\n\n\n<p><strong>Como participar:<\/strong><\/p>\n\n\n\n<p>Para realizar o atendimento, <a href=\"https:\/\/www.core-sp.org.br\/agendamento\" target=\"_blank\" rel=\"noreferrer noopener\">clique aqui<\/a>, escolha a op\u00e7\u00e3o\u00a0<em>agendar atendimento<\/em>, preencha o formul\u00e1rio, selecione a regional e a data, opte pelo servi\u00e7o\u00a0<em>plant\u00e3o jur\u00eddico<\/em>\u00a0e escolha o hor\u00e1rio que preferir.<\/p>\n\n\n\n<p>Representante comercial da regi\u00e3o, n\u00e3o perca essa oportunidade de tirar suas d\u00favidas! <\/p>\n\n\n\n<p>Fonte: Core-SP<\/p>\n","protected":false},"excerpt":{"rendered":"<p>Atendimentos individuais ser\u00e3o realizadas nos dias 11 e 12 de maio, das 10h \u00e0s 16h30, na Seccional.<\/p>\n","protected":false},"author":3,"featured_media":7173,"comment_status":"closed","ping_status":"closed","sticky":false,"template":"","format":"standard","meta":[],"categories":[34,49,17],"tags":[],"_links":{"self":[{"href":"https:\/\/www.confere.org.br\/wordpress\/wp-json\/wp\/v2\/posts\/7172"}],"collection":[{"href":"https:\/\/www.confere.org.br\/wordpress\/wp-json\/wp\/v2\/posts"}],"about":[{"href":"https:\/\/www.confere.org.br\/wordpress\/wp-json\/wp\/v2\/types\/post"}],"author":[{"embeddable":true,"href":"https:\/\/www.confere.org.br\/wordpress\/wp-json\/wp\/v2\/users\/3"}],"replies":[{"embeddable":true,"href":"https:\/\/www.confere.org.br\/wordpress\/wp-json\/wp\/v2\/comments?post=7172"}],"version-history":[{"count":2,"href":"https:\/\/www.confere.org.br\/wordpress\/wp-json\/wp\/v2\/posts\/7172\/revisions"}],"predecessor-version":[{"id":7175,"href":"https:\/\/www.confere.org.br\/wordpress\/wp-json\/wp\/v2\/posts\/7172\/revisions\/7175"}],"wp:featuredmedia":[{"embeddable":true,"href":"https:\/\/www.confere.org.br\/wordpress\/wp-json\/wp\/v2\/media\/7173"}],"wp:attachment":[{"href":"https:\/\/www.confere.org.br\/wordpress\/wp-json\/wp\/v2\/media?parent=7172"}],"wp:term":[{"taxonomy":"category","embeddable":true,"href":"https:\/\/www.confere.org.br\/wordpress\/wp-json\/wp\/v2\/categories?post=7172"},{"taxonomy":"post_tag","embeddable":true,"href":"https:\/\/www.confere.org.br\/wordpress\/wp-json\/wp\/v2\/tags?post=7172"}],"curies":[{"name":"wp","href":"https:\/\/api.w.org\/{rel}","templated":true}]}}