{"id":725,"date":"2019-11-01T17:57:43","date_gmt":"2019-11-01T20:57:43","guid":{"rendered":"http:\/\/www.confere.org.br\/wordpress\/?p=725"},"modified":"2022-04-28T09:35:13","modified_gmt":"2022-04-28T12:35:13","slug":"resultado-final-geral-para-homologacao-retificado","status":"publish","type":"post","link":"https:\/\/www.confere.org.br\/wordpress\/resultado-final-geral-para-homologacao-retificado\/","title":{"rendered":"Concurso P\u00fablico &#8211; 01\/2019"},"content":{"rendered":"\n<p>28\/04\/2022<\/p>\n\n\n\n<p><a href=\"https:\/\/www.confere.org.br\/wordpress\/wp-content\/uploads\/2022\/04\/Edital-de-Convocacao-13.pdf\" target=\"_blank\" rel=\"noreferrer noopener\">Edital de Convoca\u00e7\u00e3o n\u00ba 13<\/a><\/p>\n\n\n\n<p>18\/04\/2022<\/p>\n\n\n\n<p><a href=\"https:\/\/www.confere.org.br\/wordpress\/wp-content\/uploads\/2022\/04\/Edital-de-Convocacao-no-12.pdf\" target=\"_blank\" rel=\"noreferrer noopener\">Edital de Convoca\u00e7\u00e3o n\u00ba 12<\/a><\/p>\n\n\n\n<p>07\/03\/2022<\/p>\n\n\n\n<p><a href=\"https:\/\/www.confere.org.br\/wordpress\/wp-content\/uploads\/2022\/03\/Edital-de-Convocacao-11.pdf\">Edital de Convoca\u00e7\u00e3o n\u00ba 11<\/a><\/p>\n\n\n\n<p>01\/02\/2022<br><a rel=\"noreferrer noopener\" href=\"https:\/\/www.confere.org.br\/wordpress\/wp-content\/uploads\/2022\/02\/Edital-de-Convocacao-10.pdf\" target=\"_blank\">Edital de Convoca\u00e7\u00e3o n\u00ba 10<\/a><\/p>\n\n\n\n<p>25\/01\/2022<br><a rel=\"noreferrer noopener\" href=\"https:\/\/www.confere.org.br\/wordpress\/wp-content\/uploads\/2022\/01\/Edital-de-Convocacao-09.pdf\" target=\"_blank\">Edital de Convoca\u00e7\u00e3o n\u00ba 09<\/a><\/p>\n\n\n\n<p>12\/11\/2021<br><a rel=\"noreferrer noopener\" href=\"https:\/\/www.confere.org.br\/wordpress\/wp-content\/uploads\/2021\/11\/EDITAL-CONVOCATORIO_08_2021.pdf\" target=\"_blank\">Edital de Convoca\u00e7\u00e3o n\u00ba 08<\/a> <\/p>\n\n\n\n<p>25\/02\/2021<br><a rel=\"noreferrer noopener\" href=\"https:\/\/www.confere.org.br\/wordpress\/wp-content\/uploads\/2021\/02\/EDITAL-DE-CONVOCACAO-N-7-1.pdf\" target=\"_blank\">Edital de Convoca\u00e7\u00e3o n\u00ba 07<\/a><\/p>\n\n\n\n<p>27\/01\/2021<br><a rel=\"noreferrer noopener\" href=\"https:\/\/www.confere.org.br\/wordpress\/wp-content\/uploads\/2021\/01\/edital-de-convocacao_06_concurso-01_19.pdf\" target=\"_blank\">Edital de Convoca\u00e7\u00e3o n\u00ba 06<\/a> <\/p>\n\n\n\n<p>26\/08\/20<br><a rel=\"noreferrer noopener\" aria-label=\" (abre numa nova aba)\" href=\"https:\/\/www.confere.org.br\/wordpress\/wp-content\/uploads\/2020\/08\/edital-de-convocacao-05_concurso-01_2019.pdf\" target=\"_blank\">Edital de Convoca\u00e7\u00e3o n\u00ba 05<\/a> <\/p>\n\n\n\n<p>03\/02\/20<br><a href=\"https:\/\/www.confere.org.br\/wordpress\/wp-content\/uploads\/2020\/02\/Edital_de_Convocacao_n_04.pdf\">Edital de Convoca\u00e7\u00e3o n\u00ba 04<\/a><\/p>\n\n\n\n<p> 15\/01\/20<br><a rel=\"noreferrer noopener\" aria-label=\"Edital de Convoca\u00e7\u00e3o n\u00ba 02 (abre numa nova aba)\" href=\"https:\/\/confere.org.br\/PDF\/doc00205120200115102715.pdf\" target=\"_blank\">Edital de Convoca\u00e7\u00e3o n\u00ba 02<\/a>   <br><a rel=\"noreferrer noopener\" aria-label=\"Edital de Convoca\u00e7\u00e3o n\u00ba 03 (abre numa nova aba)\" href=\"https:\/\/confere.org.br\/PDF\/doc00205220200115102736.pdf\" target=\"_blank\">Edital de Convoca\u00e7\u00e3o n\u00ba 03<\/a>    <\/p>\n\n\n\n<p>12\/11\/19<br><a rel=\"noreferrer noopener\" href=\"https:\/\/www.confere.org.br\/PDF\/Edital%20de%20Convoca%C3%A7%C3%A3o%2001.pdf\" target=\"_blank\">Edital de Convoca\u00e7\u00e3o n\u00ba 01<\/a>   <\/p>\n\n\n\n<p>05\/11\/19<br><a rel=\"noreferrer noopener\" href=\"https:\/\/www.confere.org.br\/PDF\/homologa%C3%A7%C3%A3o%20concurco%20publico%20confere%202019%20para%20publica%C3%A7%C3%A3o.pdf\" target=\"_blank\">Edital de Homologa\u00e7\u00e3o do Resultado Final Geral<\/a><\/p>\n\n\n\n<p><a rel=\"noreferrer noopener\" href=\"https:\/\/www.confere.org.br\/PDF\/ANEXO%20I%20DO%20EDITAL%20DE%20HOMOLOGA%C3%87%C3%83O%20DO%20RESULTADO%20FINAL%20GERAL%20DO%20CONCURSO%20P%C3%9ABLICO%20N%C2%BA%2001%202019%20-%20CONFERE.pdf\" target=\"_blank\">Anexo I do Edital de Homologa\u00e7\u00e3o  do Resultado Final Geral<\/a><\/p>\n\n\n\n<p>17\/10\/19<br><a rel=\"noreferrer noopener\" href=\"https:\/\/www.confere.org.br\/PDF\/RESULTADO%20FINAL%20GERAL%20PARA%20HOMOLOGA%C3%87%C3%83O%202.pdf\" target=\"_blank\">Resultado Final Geral para Homologa\u00e7\u00e3o &#8211; Retificado<\/a><\/p>\n\n\n\n<p>10\/10\/19<br><a rel=\"noreferrer noopener\" href=\"https:\/\/www.confere.org.br\/PDF\/RESULTADO%20FINAL%20-%20AC.pdf\" target=\"_blank\">Resultado Final &#8211; Ampla Concorr\u00eancia<\/a><br><a rel=\"noreferrer noopener\" href=\"https:\/\/www.confere.org.br\/PDF\/RESULTADO%20FINAL%20-%20ETNIA.pdf\" target=\"_blank\">Resultado Final &#8211; Etnia<\/a><br><a rel=\"noreferrer noopener\" href=\"https:\/\/www.confere.org.br\/PDF\/RESULTADO%20FINAL%20-%20PcD.pdf\" target=\"_blank\">Resultado Final &#8211; PcD<\/a><\/p>\n\n\n\n<p>07\/10\/19<br><a rel=\"noreferrer noopener\" href=\"https:\/\/www.confere.org.br\/PDF\/Resultado%20Final%20da%20Entrevista%20de%20Heteroidentifica%C3%A7%C3%A3o%20pos%20recursos.pdf\" target=\"_blank\">Resultado Final da Entrevista de Heteroidentifica\u00e7\u00e3o<\/a><\/p>\n\n\n\n<p>02\/10\/19<a rel=\"noreferrer noopener\" href=\"https:\/\/www.confere.org.br\/destaque_aviso_importante.html\" target=\"_blank\"><br><\/a><a rel=\"noreferrer noopener\" href=\"https:\/\/www.confere.org.br\/PDF\/Resultado%20da%20Entrevista%20de%20Heteroidentifica%C3%A7%C3%A3o.pdf\" target=\"_blank\">Resultado da Entrevista de Heteroidentifica\u00e7\u00e3o<\/a><\/p>\n\n\n\n<p>20\/09\/19<br><a rel=\"noreferrer noopener\" href=\"https:\/\/www.confere.org.br\/PDF\/RESULTADO%20FINAL%20DAS%20NOTAS%20DA%20PROVA%20OBJETIVA%20E%20DISCURSIVA%20-%20AMPLA%20CONCORR%C3%8ANCIA.pdf\" target=\"_blank\">Resultado Final das notas da Prova Objetivo e Discursiva &#8211; Ampla Concorr\u00eancia<\/a><br><a rel=\"noreferrer noopener\" href=\"https:\/\/www.confere.org.br\/PDF\/RESULTADO%20FINAL%20DAS%20NOTAS%20DA%20PROVA%20OBJETIVA%20E%20DISCURSIVA%20-%20ETNIA.pdf\" target=\"_blank\">Resultado Final das notas da prova objetiva e discurva \u2013 Etnia<\/a><br><a rel=\"noreferrer noopener\" href=\"https:\/\/www.confere.org.br\/PDF\/RESULTADO%20FINAL%20DAS%20NOTAS%20DA%20PROVA%20OBJETIVA%20E%20DISCURSIVA%20-%20PCD.pdf\" target=\"_blank\">Resultado Final das notas da prova objetiva e discursiva &#8211; PCD<\/a><br><a rel=\"noreferrer noopener\" href=\"https:\/\/www.confere.org.br\/PDF\/EDITAL%20DE%20CONVOCA%C3%87%C3%83O%20DE%20HETEROIDENTIFICACAO.pdf\" target=\"_blank\">Edital de Convoca\u00e7\u00e3o de Heteroidentifica\u00e7\u00e3o<\/a><\/p>\n\n\n\n<p>18\/09\/19<br><a rel=\"noreferrer noopener\" href=\"https:\/\/www.confere.org.br\/PDF\/RESULTADO%20FINAL%20DAS%20NOTAS%20DA%20PROVA%20DISCURSIVA.pdf\" target=\"_blank\">Resultado Final &#8211; Prova Discursiva<\/a><\/p>\n\n\n\n<p>13\/09\/19<br><a rel=\"noreferrer noopener\" href=\"https:\/\/www.confere.org.br\/PDF\/Resultado%20Preliminar.pdf\" target=\"_blank\">Resultado Preliminar &#8211; Prova Discursiva<\/a><\/p>\n\n\n\n<p>26\/08\/19<br><a rel=\"noreferrer noopener\" href=\"https:\/\/www.confere.org.br\/PDF\/CONCURSO%20P%C3%9ABLICO\/RESULTADO%20PRELIMINAR%20P%C3%93S-RECURSO%20-%20AC.pdf\" target=\"_blank\">Resultado Preliminar P\u00f3s-Recurso &#8211; Ampla Concorr\u00eancia<\/a><br><a rel=\"noreferrer noopener\" href=\"https:\/\/www.confere.org.br\/PDF\/CONCURSO%20P%C3%9ABLICO\/RESULTADO%20PRELIMINAR%20P%C3%93S-RECURSO%20-%20etnia.pdf\" target=\"_blank\">Resultado Preliminar P\u00f3s-Recurso \u2013 Etnia<\/a><br><a rel=\"noreferrer noopener\" href=\"https:\/\/www.confere.org.br\/PDF\/CONCURSO%20P%C3%9ABLICO\/RESULTADO%20PRELIMINAR%20P%C3%93S-RECURSO%20-%20PcD.pdf\" target=\"_blank\">Resultado Preliminar P\u00f3s-Recurso &#8211; Pcd<\/a><\/p>\n\n\n\n<p>20\/08\/19<br><a rel=\"noreferrer noopener\" href=\"https:\/\/www.confere.org.br\/destaque_convite_2019_diapan.html\" target=\"_blank\">Respostas ao Julgamento de Recursos do Cart\u00e3o Resposta<\/a><\/p>\n\n\n\n<p>14\/08\/19<br><a rel=\"noreferrer noopener\" href=\"https:\/\/www.confere.org.br\/destaque_core_rj_em_pauta.html\" target=\"_blank\">Resultado Preliminar &#8211; Ampla Concorr\u00eancia<\/a><br><a rel=\"noreferrer noopener\" href=\"https:\/\/www.confere.org.br\/PDF\/CONCURSO%20P%C3%9ABLICO\/Resultado%20Preliminar%20-%20ETNIA.pdf\" target=\"_blank\">Resultado Preliminar &#8211; Etnia<\/a><br><a rel=\"noreferrer noopener\" href=\"https:\/\/www.confere.org.br\/PDF\/CONCURSO%20P%C3%9ABLICO\/Resultado%20Preliminar%20-%20PcD.pdf\" target=\"_blank\">Resultado Preliminar &#8211; PCD<\/a><\/p>\n\n\n\n<p>12\/08\/19<br><a rel=\"noreferrer noopener\" href=\"https:\/\/www.confere.org.br\/PDF\/CONCURSO%20P%C3%9ABLICO\/Gabarito%20Final.pdf\" target=\"_blank\">Gabarito Final<\/a><\/p>\n\n\n\n<p>30\/07\/19<br><a rel=\"noreferrer noopener\" href=\"https:\/\/www.confere.org.br\/destaque_concurso_publico.html\" target=\"_blank\">Aviso<\/a><\/p>\n\n\n\n<p>29\/07\/19<br><a rel=\"noreferrer noopener\" href=\"https:\/\/www.confere.org.br\/PDF\/CONCURSO%20P%C3%9ABLICO\/Gabarito%20Preliminar.pdf\" target=\"_blank\">Gabarito Preliminar<br><\/a><\/p>\n\n\n\n<p>26\/07\/19<br><a rel=\"noreferrer noopener\" href=\"https:\/\/www.confere.org.br\/PDF\/CONCURSO%20P%C3%9ABLICO\/Distribui%C3%A7%C3%A3o%20de%20candidatos%20locais%20de%20prova.pdf\" target=\"_blank\">Distribui\u00e7\u00e3o de Candidatos\/Locais de prova<\/a><\/p>\n\n\n\n<p>18\/07\/19<br><a rel=\"noreferrer noopener\" href=\"https:\/\/www.confere.org.br\/PDF\/CONCURSO%20P%C3%9ABLICO\/EDITAL%20DE%20CONVOCA%C3%87%C3%83O%20E%20HOMOLOGA%C3%87%C3%83O%20DOS%20LOCAIS%20DE%20PROVAS%20OBJETIVAS.pdf\" target=\"_blank\">Edital de Convoca\u00e7\u00e3o e Homologa\u00e7\u00e3o de Locais<\/a><\/p>\n\n\n\n<p>10\/07\/19<br><a rel=\"noreferrer noopener\" href=\"https:\/\/www.confere.org.br\/PDF\/CONCURSO%20P%C3%9ABLICO\/Mapa%20de%20Inscri%C3%A7%C3%B5es%20-%20CONFERE%202019%20(2).pdf\" target=\"_blank\">Mapa de Inscri\u00e7\u00f5es por Candidato\/Vaga<\/a><\/p>\n\n\n\n<p>02\/07\/19<br><a rel=\"noreferrer noopener\" href=\"https:\/\/www.confere.org.br\/PDF\/CONCURSO%20P%C3%9ABLICO\/Rela%C3%A7%C3%A3o%20Final%20dos%20Candidatos%20com%20Inscri%C3%A7%C3%A3o%20Homologada.pdf\" target=\"_blank\">Rela\u00e7\u00e3o Final dos Candidatos com Inscri\u00e7\u00e3o Homologada<\/a><br><a rel=\"noreferrer noopener\" href=\"https:\/\/www.confere.org.br\/PDF\/CONCURSO%20P%C3%9ABLICO\/Rela%C3%A7%C3%A3o%20Final%20dos%20Candidatos%20com%20Inscri%C3%A7%C3%A3o%20N%C3%A3o%20Homologada.pdf\" target=\"_blank\">Rela\u00e7\u00e3o Final dos Candidatos com Inscri\u00e7\u00e3o N\u00e3o Homologada<\/a><\/p>\n\n\n\n<p>01\/07\/19<br><a rel=\"noreferrer noopener\" href=\"https:\/\/www.confere.org.br\/PDF\/CONCURSO%20P%C3%9ABLICO\/Rela%C3%A7%C3%A3o%20Final%20de%20Candidatos%20PCD%20e%20Cotistas.pdf\" target=\"_blank\">Rela\u00e7\u00e3o Final de Candidatos PCD e Cotistas<\/a><br><a rel=\"noreferrer noopener\" href=\"https:\/\/www.confere.org.br\/PDF\/CONCURSO%20P%C3%9ABLICO\/Rela%C3%A7%C3%A3o%20Final%20de%20Necessidades%20Especiais.pdf\" target=\"_blank\">Rela\u00e7\u00e3o Final de Necessidades Especiais<\/a><\/p>\n\n\n\n<p>25\/06\/19<br><a rel=\"noreferrer noopener\" href=\"https:\/\/www.confere.org.br\/PDF\/CONCURSO%20P%C3%9ABLICO\/PEDIDOS%20DE%20CONDI%C3%87%C3%95ES%20ESPECIAIS%20PARA%20REALIZA%C3%87%C3%83O%20DE%20PROVA.pdf\" target=\"_blank\">Pedidos de condi\u00e7\u00f5es especiais para realiza\u00e7\u00e3o de prova<\/a><br><a rel=\"noreferrer noopener\" href=\"https:\/\/www.confere.org.br\/PDF\/CONCURSO%20P%C3%9ABLICO\/Rela%C3%A7%C3%A3o%20Preliminar%20de%20Candidatos%20PCD%20e%20Cotistas.pdf\" target=\"_blank\">Rela\u00e7\u00e3o Preliminar de Candidatos PCD e Cotistas<\/a><br><br>18\/06\/19<br><a rel=\"noreferrer noopener\" href=\"https:\/\/www.confere.org.br\/PDF\/LICITACOES_2019\/Edital%20Retificado%20n%C2%BA%2001.pdf\" target=\"_blank\">Edital de Concurso P\u00fablico<br><\/a>N\u00ba 01\/2019 &#8211; Retificado<br><\/p>\n\n\n\n<p>17\/06\/19<br><a rel=\"noreferrer noopener\" href=\"https:\/\/www.confere.org.br\/PDF\/Resolu%C3%A7oes\/Rela%C3%A7%C3%A3o%20Final%20dos%20canditados%20com%20Pedido%20de%20Isen%C3%A7%C3%A3o.pdf\" target=\"_blank\">Rela\u00e7\u00e3o Final dos candidatos com Pedido de Isen\u00e7\u00e3o<\/a><\/p>\n\n\n\n<p>11\/06\/19<br><a rel=\"noreferrer noopener\" href=\"https:\/\/www.confere.org.br\/PDF\/edital%20de%20retifica%C3%A7%C3%A3o_01_2019.pdf\" target=\"_blank\">Edital de Retifica\u00e7\u00e3o n\u00ba 01\/2019 do Edital de Concurso P\u00fablico n\u00ba 01\/2019<\/a><\/p>\n\n\n\n<p>20\/05\/19<br><a rel=\"noreferrer noopener\" href=\"https:\/\/www.confere.org.br\/PDF\/LICITACOES_2019\/EDITAL%20-%20CONCURSO%20P%C3%9ABLICO%20-%20CONFERE%202019.pdf\" target=\"_blank\">Edital Concurso P\u00fablico<\/a><\/p>\n\n\n\n<p><\/p>\n","protected":false},"excerpt":{"rendered":"<p>O Conselho Federal dos Representantes Comerciais torna p\u00fablica as informa\u00e7\u00f5es sobre o Concurso P\u00fablico, destinado a selecionar candidatos para o preenchimento de vagas, pelo regime celetista. O processo seletivo p\u00fablico ser\u00e1 regido de acordo com as disposi\u00e7\u00f5es deste edital, observado o que estabelece a Constitui\u00e7\u00e3o Federal no Art. 37, incisos I a IV, com a execu\u00e7\u00e3o t\u00e9cnicoadministrativa do Instituto Nacional de Concurso P\u00fablico \u2013 INCP.<\/p>\n","protected":false},"author":1,"featured_media":0,"comment_status":"closed","ping_status":"open","sticky":false,"template":"","format":"standard","meta":[],"categories":[42],"tags":[],"_links":{"self":[{"href":"https:\/\/www.confere.org.br\/wordpress\/wp-json\/wp\/v2\/posts\/725"}],"collection":[{"href":"https:\/\/www.confere.org.br\/wordpress\/wp-json\/wp\/v2\/posts"}],"about":[{"href":"https:\/\/www.confere.org.br\/wordpress\/wp-json\/wp\/v2\/types\/post"}],"author":[{"embeddable":true,"href":"https:\/\/www.confere.org.br\/wordpress\/wp-json\/wp\/v2\/users\/1"}],"replies":[{"embeddable":true,"href":"https:\/\/www.confere.org.br\/wordpress\/wp-json\/wp\/v2\/comments?post=725"}],"version-history":[{"count":41,"href":"https:\/\/www.confere.org.br\/wordpress\/wp-json\/wp\/v2\/posts\/725\/revisions"}],"predecessor-version":[{"id":7171,"href":"https:\/\/www.confere.org.br\/wordpress\/wp-json\/wp\/v2\/posts\/725\/revisions\/7171"}],"wp:attachment":[{"href":"https:\/\/www.confere.org.br\/wordpress\/wp-json\/wp\/v2\/media?parent=725"}],"wp:term":[{"taxonomy":"category","embeddable":true,"href":"https:\/\/www.confere.org.br\/wordpress\/wp-json\/wp\/v2\/categories?post=725"},{"taxonomy":"post_tag","embeddable":true,"href":"https:\/\/www.confere.org.br\/wordpress\/wp-json\/wp\/v2\/tags?post=725"}],"curies":[{"name":"wp","href":"https:\/\/api.w.org\/{rel}","templated":true}]}}