{"id":731,"date":"2019-11-05T10:52:55","date_gmt":"2019-11-05T13:52:55","guid":{"rendered":"http:\/\/www.confere.org.br\/wordpress\/?p=731"},"modified":"2019-11-13T16:14:45","modified_gmt":"2019-11-13T19:14:45","slug":"eleicao-core-se-trienio-2019-2022","status":"publish","type":"post","link":"https:\/\/www.confere.org.br\/wordpress\/eleicao-core-se-trienio-2019-2022\/","title":{"rendered":"Elei\u00e7\u00e3o Core-SE &#8211; Tri\u00eanio 2019\/2022"},"content":{"rendered":"\n<p>1. Edital<br><a href=\"https:\/\/confere.org.br\/PDF\/EDITAL%20DE%20CONVOCA%C3%87%C3%83O%20ELEI%C3%87%C3%83O%20CORE-SE.pdf\">&#8211; Publicado no Di\u00e1rio Oficial da Uni\u00e3o em 24.10.2019<\/a><br><a href=\"https:\/\/confere.org.br\/PDF\/EDITAL%20JORNAL%20DO%20DIA.pdf\">&#8211; Publicado no &#8220;Jornal do Dia&#8221; em 24.10.2019<\/a><br><\/p>\n\n\n\n<p>2.&nbsp;<a href=\"https:\/\/confere.org.br\/PDF\/ELEI%C3%87%C3%83O%20CORE-SE_REGULAMENTO%20ELEITORAL.pdf\" target=\"_blank\" rel=\"noreferrer noopener\">Regulamento Eleitoral<\/a><\/p>\n\n\n\n<p><a href=\"https:\/\/confere.org.br\/PDF\/REQUERIMENTO%20REGISTRO%20DE%20CHAPA%20CORE-SE.pdf\">3. Requerimento de Registro de Chapa<\/a><\/p>\n\n\n\n<p>4.<a href=\"https:\/\/confere.org.br\/PDF\/FICHA%20DE%20QUALIFICA%C3%87%C3%83O%20CORE-SE.pdf\">&nbsp;Ficha de Qualifica\u00e7\u00e3o<\/a><\/p>\n\n\n\n<p>5.<a href=\"https:\/\/confere.org.br\/PDF\/DECLARA%C3%87%C3%83O%20DE%20AQUIESC%C3%8ANCIA%20-%20CORE-SE.pdf\">&nbsp;Declara\u00e7\u00e3o de Aquiesc\u00eancia<\/a><\/p>\n\n\n\n<p>6. Resolu\u00e7\u00e3o n\u00ba 1.142\/2019 &#8211; Confere<br><a href=\"https:\/\/confere.org.br\/PDF\/Resolu%C3%A7ao%201142_2019.pdf\">&#8211; Publicado no Di\u00e1rio Oficial da Uni\u00e3o em 24.10.19<\/a><\/p>\n","protected":false},"excerpt":{"rendered":"<p>Processo Eleitoral para composi\u00e7\u00e3o do Core-SE<\/p>\n","protected":false},"author":1,"featured_media":0,"comment_status":"closed","ping_status":"open","sticky":false,"template":"","format":"standard","meta":[],"categories":[43],"tags":[],"_links":{"self":[{"href":"https:\/\/www.confere.org.br\/wordpress\/wp-json\/wp\/v2\/posts\/731"}],"collection":[{"href":"https:\/\/www.confere.org.br\/wordpress\/wp-json\/wp\/v2\/posts"}],"about":[{"href":"https:\/\/www.confere.org.br\/wordpress\/wp-json\/wp\/v2\/types\/post"}],"author":[{"embeddable":true,"href":"https:\/\/www.confere.org.br\/wordpress\/wp-json\/wp\/v2\/users\/1"}],"replies":[{"embeddable":true,"href":"https:\/\/www.confere.org.br\/wordpress\/wp-json\/wp\/v2\/comments?post=731"}],"version-history":[{"count":3,"href":"https:\/\/www.confere.org.br\/wordpress\/wp-json\/wp\/v2\/posts\/731\/revisions"}],"predecessor-version":[{"id":1078,"href":"https:\/\/www.confere.org.br\/wordpress\/wp-json\/wp\/v2\/posts\/731\/revisions\/1078"}],"wp:attachment":[{"href":"https:\/\/www.confere.org.br\/wordpress\/wp-json\/wp\/v2\/media?parent=731"}],"wp:term":[{"taxonomy":"category","embeddable":true,"href":"https:\/\/www.confere.org.br\/wordpress\/wp-json\/wp\/v2\/categories?post=731"},{"taxonomy":"post_tag","embeddable":true,"href":"https:\/\/www.confere.org.br\/wordpress\/wp-json\/wp\/v2\/tags?post=731"}],"curies":[{"name":"wp","href":"https:\/\/api.w.org\/{rel}","templated":true}]}}