{"id":7510,"date":"2022-05-27T13:31:27","date_gmt":"2022-05-27T16:31:27","guid":{"rendered":"https:\/\/www.confere.org.br\/wordpress\/?p=7510"},"modified":"2022-05-27T13:31:29","modified_gmt":"2022-05-27T16:31:29","slug":"confianca-da-industria-sobe-pelo-segundo-mes-diz-fgv","status":"publish","type":"post","link":"https:\/\/www.confere.org.br\/wordpress\/confianca-da-industria-sobe-pelo-segundo-mes-diz-fgv\/","title":{"rendered":"Confian\u00e7a da ind\u00fastria sobe pelo segundo m\u00eas, diz FGV"},"content":{"rendered":"\n<p>O \u00cdndice de Confian\u00e7a da Ind\u00fastria (ICI), calculado pela Funda\u00e7\u00e3o Getulio Vargas (FGV), subiu 2,3 pontos de abril para maio deste ano e chegou a 99,7 pontos, em uma escala de zero a 200 pontos. Essa foi a segunda alta consecutiva do indicador, que atingiu o maior patamar desde dezembro do ano passado (100,1 pontos).<img src=\"https:\/\/agenciabrasil.ebc.com.br\/ebc.png?id=1462156&amp;o=node\"><img src=\"https:\/\/agenciabrasil.ebc.com.br\/ebc.gif?id=1462156&amp;o=node\"><\/p>\n\n\n\n<p>Houve aumento da confian\u00e7a dos empres\u00e1rios em 12 dos 19 segmentos da ind\u00fastria brasileira pesquisados pela FGV.<\/p>\n\n\n\n<p>O \u00cdndice de Expectativas, que analisa a confian\u00e7a do empresariado no futuro, cresceu 3 pontos e atingiu 99 pontos. J\u00e1 o \u00cdndice da Situa\u00e7\u00e3o Atual, que calcula a percep\u00e7\u00e3o sobre o presente, subiu 1,6 ponto e chegou a 100,4 pontos.<\/p>\n\n\n\n<p>O N\u00edvel de Utiliza\u00e7\u00e3o da Capacidade Instalada (Nuci) da Ind\u00fastria aumentou 1 ponto percentual em maio e chegou a 80,8%, o maior n\u00edvel desde outubro de 2021.<\/p>\n\n\n\n<p><br><br>Fonte: <a href=\"https:\/\/agenciabrasil.ebc.com.br\/economia\/noticia\/2022-05\/confianca-da-industria-sobe-pelo-segundo-mes-diz-fgv\" target=\"_blank\" rel=\"noreferrer noopener\">Ag\u00eancia Brasil<\/a><\/p>\n","protected":false},"excerpt":{"rendered":"<p>\u00cdndice subiu 2,3 pontos de abril para maio deste ano<\/p>\n","protected":false},"author":3,"featured_media":3226,"comment_status":"closed","ping_status":"closed","sticky":false,"template":"","format":"standard","meta":[],"categories":[2],"tags":[],"_links":{"self":[{"href":"https:\/\/www.confere.org.br\/wordpress\/wp-json\/wp\/v2\/posts\/7510"}],"collection":[{"href":"https:\/\/www.confere.org.br\/wordpress\/wp-json\/wp\/v2\/posts"}],"about":[{"href":"https:\/\/www.confere.org.br\/wordpress\/wp-json\/wp\/v2\/types\/post"}],"author":[{"embeddable":true,"href":"https:\/\/www.confere.org.br\/wordpress\/wp-json\/wp\/v2\/users\/3"}],"replies":[{"embeddable":true,"href":"https:\/\/www.confere.org.br\/wordpress\/wp-json\/wp\/v2\/comments?post=7510"}],"version-history":[{"count":1,"href":"https:\/\/www.confere.org.br\/wordpress\/wp-json\/wp\/v2\/posts\/7510\/revisions"}],"predecessor-version":[{"id":7511,"href":"https:\/\/www.confere.org.br\/wordpress\/wp-json\/wp\/v2\/posts\/7510\/revisions\/7511"}],"wp:featuredmedia":[{"embeddable":true,"href":"https:\/\/www.confere.org.br\/wordpress\/wp-json\/wp\/v2\/media\/3226"}],"wp:attachment":[{"href":"https:\/\/www.confere.org.br\/wordpress\/wp-json\/wp\/v2\/media?parent=7510"}],"wp:term":[{"taxonomy":"category","embeddable":true,"href":"https:\/\/www.confere.org.br\/wordpress\/wp-json\/wp\/v2\/categories?post=7510"},{"taxonomy":"post_tag","embeddable":true,"href":"https:\/\/www.confere.org.br\/wordpress\/wp-json\/wp\/v2\/tags?post=7510"}],"curies":[{"name":"wp","href":"https:\/\/api.w.org\/{rel}","templated":true}]}}