{"id":7512,"date":"2022-05-27T13:46:46","date_gmt":"2022-05-27T16:46:46","guid":{"rendered":"https:\/\/www.confere.org.br\/wordpress\/?p=7512"},"modified":"2022-05-27T13:49:49","modified_gmt":"2022-05-27T16:49:49","slug":"otimismo-dos-comerciantes-melhora-em-maio-diz-cnc","status":"publish","type":"post","link":"https:\/\/www.confere.org.br\/wordpress\/otimismo-dos-comerciantes-melhora-em-maio-diz-cnc\/","title":{"rendered":"Otimismo dos comerciantes melhora em maio, diz CNC"},"content":{"rendered":"\n<p>Os comerciantes se mostraram mais otimistas em maio. O \u00cdndice de Confian\u00e7a do Empres\u00e1rio do Com\u00e9rcio (Icec), apurado pela Confedera\u00e7\u00e3o Nacional do Com\u00e9rcio de Bens, Servi\u00e7os e Turismo (CNC), alcan\u00e7ou 120,2 pontos, ap\u00f3s o volume de vendas no varejo apresentar altas consecutivas e surpreendentes. Este \u00e9 o maior n\u00edvel desde dezembro de 2021. O indicador chegou ao patamar com eleva\u00e7\u00e3o de 5,7% na passagem mensal. J\u00e1 na compara\u00e7\u00e3o com maio de 2021 o avan\u00e7o \u00e9 ainda maior: 31,6%.<img src=\"https:\/\/agenciabrasil.ebc.com.br\/ebc.png?id=1462181&amp;o=node\"><img src=\"https:\/\/agenciabrasil.ebc.com.br\/ebc.gif?id=1462181&amp;o=node\"><\/p>\n\n\n\n<p>Segundo a CNC, ao chegar a 102,2 pontos, o indicador de avalia\u00e7\u00e3o dos comerciantes sobre as condi\u00e7\u00f5es atuais voltou \u00e0 zona favor\u00e1vel. \u00c9 o maior patamar desde abril de 2020. Houve resultado positivo tamb\u00e9m no \u00edndice Expectativas do Empres\u00e1rio do Com\u00e9rcio, que com o percentual de 3,7% teve a primeira alta depois de quatro meses consecutivos de queda.<\/p>\n\n\n\n<p>Para o presidente da CNC, Jos\u00e9 Roberto Tadros, os dados indicam que os comerciantes esperam um segundo semestre mais favor\u00e1vel diante do contexto atual. \u201cAs varia\u00e7\u00f5es positivas, entre janeiro e mar\u00e7o, do volume de vendas, com mais pessoas circulando nas lojas, e o crescimento da Inten\u00e7\u00e3o de Consumo das Fam\u00edlias, a despeito da infla\u00e7\u00e3o e dos juros altos, melhoraram a percep\u00e7\u00e3o dos empres\u00e1rios sobre as condi\u00e7\u00f5es correntes\u201d, afirmou.<\/p>\n\n\n\n<h4><br>Estoques<\/h4>\n\n\n\n<p>Segundo a CNC, apesar de os pre\u00e7os no atacado ainda comprimirem as margens e, dessa forma, alterarem a din\u00e2mica de reabastecimento do com\u00e9rcio, a percep\u00e7\u00e3o sobre o n\u00edvel dos estoques, no indicador Inten\u00e7\u00f5es de Investimento registrou a melhor pontua\u00e7\u00e3o desde abril de 2020. A economista da CNC respons\u00e1vel pela pesquisa, Izis Ferreira, entendeu que esse movimento demonstra que o com\u00e9rcio sentiu, em maio, mais facilidade de&nbsp;repor produtos nas prateleiras do que h\u00e1 um ano, quando o pa\u00eds ainda superava a&nbsp;segunda&nbsp;onda da pandemia de covid-19.<\/p>\n\n\n\n<p>Conforme a CNC, a melhora da confian\u00e7a das empresas de pequeno porte foi outro fator positivo no indicador. O otimismo do grande varejo cresceu 10,2% no ano encerrado em maio, mas nos pequenos empres\u00e1rios cresceu 32%. \u201cA normaliza\u00e7\u00e3o do fluxo de consumidores nas lojas at\u00e9 abril animou os pequenos lojistas, j\u00e1 que a modalidade de venda em pontos f\u00edsicos responde majoritariamente pelo faturamento dessas empresas\u201d, mostrou&nbsp;a avalia\u00e7\u00e3o da entidade.<\/p>\n\n\n\n<p>De acordo com Izis Ferreira, diante desse cen\u00e1rio, a CNC revisou para cima a proje\u00e7\u00e3o de crescimento das vendas em 2022 e estima um avan\u00e7o de 1,5%. \u201cEspera-se que as medidas de suporte \u00e0 renda e ao consumo, como os saques extraordin\u00e1rios do FGTS e a antecipa\u00e7\u00e3o dos benef\u00edcios do INSS, tenham efeitos mais concentrados no consumo e pagamento de d\u00edvidas\u00a0na\u00a0segunda\u00a0metade do ano\u201d, analisou.<\/p>\n\n\n\n<p><br><br>Fonte: <a href=\"https:\/\/agenciabrasil.ebc.com.br\/economia\/noticia\/2022-05\/otimismo-dos-comerciantes-melhora-em-maio-diz-cnc\" target=\"_blank\" rel=\"noreferrer noopener\">Ag\u00eancia Brasil<\/a><\/p>\n","protected":false},"excerpt":{"rendered":"<p>\u00c9 o maior n\u00edvel desde dezembro de 2021<\/p>\n","protected":false},"author":3,"featured_media":3455,"comment_status":"closed","ping_status":"closed","sticky":false,"template":"","format":"standard","meta":[],"categories":[2],"tags":[],"_links":{"self":[{"href":"https:\/\/www.confere.org.br\/wordpress\/wp-json\/wp\/v2\/posts\/7512"}],"collection":[{"href":"https:\/\/www.confere.org.br\/wordpress\/wp-json\/wp\/v2\/posts"}],"about":[{"href":"https:\/\/www.confere.org.br\/wordpress\/wp-json\/wp\/v2\/types\/post"}],"author":[{"embeddable":true,"href":"https:\/\/www.confere.org.br\/wordpress\/wp-json\/wp\/v2\/users\/3"}],"replies":[{"embeddable":true,"href":"https:\/\/www.confere.org.br\/wordpress\/wp-json\/wp\/v2\/comments?post=7512"}],"version-history":[{"count":2,"href":"https:\/\/www.confere.org.br\/wordpress\/wp-json\/wp\/v2\/posts\/7512\/revisions"}],"predecessor-version":[{"id":7514,"href":"https:\/\/www.confere.org.br\/wordpress\/wp-json\/wp\/v2\/posts\/7512\/revisions\/7514"}],"wp:featuredmedia":[{"embeddable":true,"href":"https:\/\/www.confere.org.br\/wordpress\/wp-json\/wp\/v2\/media\/3455"}],"wp:attachment":[{"href":"https:\/\/www.confere.org.br\/wordpress\/wp-json\/wp\/v2\/media?parent=7512"}],"wp:term":[{"taxonomy":"category","embeddable":true,"href":"https:\/\/www.confere.org.br\/wordpress\/wp-json\/wp\/v2\/categories?post=7512"},{"taxonomy":"post_tag","embeddable":true,"href":"https:\/\/www.confere.org.br\/wordpress\/wp-json\/wp\/v2\/tags?post=7512"}],"curies":[{"name":"wp","href":"https:\/\/api.w.org\/{rel}","templated":true}]}}