{"id":7515,"date":"2022-05-27T16:32:49","date_gmt":"2022-05-27T19:32:49","guid":{"rendered":"https:\/\/www.confere.org.br\/wordpress\/?p=7515"},"modified":"2022-05-27T16:32:50","modified_gmt":"2022-05-27T19:32:50","slug":"comunicado","status":"publish","type":"post","link":"https:\/\/www.confere.org.br\/wordpress\/comunicado\/","title":{"rendered":"Comunicado"},"content":{"rendered":"\n<p>O <strong>Conselho Federal dos Representantes Comerciais<\/strong> informa que, em rela\u00e7\u00e3o ao pleito eleitoral para composi\u00e7\u00e3o do Core-MT, no tri\u00eanio 2022\/2025, em que foi eleita a chapa \u00fanica denominada \u201cTRABALHO E TRANSPAR\u00caNCIA\u201d, como j\u00e1 noticiado anteriormente, os autos do processo foram encaminhados pela Comiss\u00e3o Eleitoral \u00e0 Procuradoria-Geral da Entidade, para elabora\u00e7\u00e3o de parecer jur\u00eddico, que verificar\u00e1 a viabilidade da homologa\u00e7\u00e3o do resultado.<\/p>\n\n\n\n<p><\/p>\n\n\n\n<p><\/p>\n","protected":false},"excerpt":{"rendered":"<p>Elei\u00e7\u00e3o Core-MT<\/p>\n","protected":false},"author":3,"featured_media":1231,"comment_status":"closed","ping_status":"closed","sticky":false,"template":"","format":"standard","meta":[],"categories":[34,49,17],"tags":[],"_links":{"self":[{"href":"https:\/\/www.confere.org.br\/wordpress\/wp-json\/wp\/v2\/posts\/7515"}],"collection":[{"href":"https:\/\/www.confere.org.br\/wordpress\/wp-json\/wp\/v2\/posts"}],"about":[{"href":"https:\/\/www.confere.org.br\/wordpress\/wp-json\/wp\/v2\/types\/post"}],"author":[{"embeddable":true,"href":"https:\/\/www.confere.org.br\/wordpress\/wp-json\/wp\/v2\/users\/3"}],"replies":[{"embeddable":true,"href":"https:\/\/www.confere.org.br\/wordpress\/wp-json\/wp\/v2\/comments?post=7515"}],"version-history":[{"count":1,"href":"https:\/\/www.confere.org.br\/wordpress\/wp-json\/wp\/v2\/posts\/7515\/revisions"}],"predecessor-version":[{"id":7516,"href":"https:\/\/www.confere.org.br\/wordpress\/wp-json\/wp\/v2\/posts\/7515\/revisions\/7516"}],"wp:featuredmedia":[{"embeddable":true,"href":"https:\/\/www.confere.org.br\/wordpress\/wp-json\/wp\/v2\/media\/1231"}],"wp:attachment":[{"href":"https:\/\/www.confere.org.br\/wordpress\/wp-json\/wp\/v2\/media?parent=7515"}],"wp:term":[{"taxonomy":"category","embeddable":true,"href":"https:\/\/www.confere.org.br\/wordpress\/wp-json\/wp\/v2\/categories?post=7515"},{"taxonomy":"post_tag","embeddable":true,"href":"https:\/\/www.confere.org.br\/wordpress\/wp-json\/wp\/v2\/tags?post=7515"}],"curies":[{"name":"wp","href":"https:\/\/api.w.org\/{rel}","templated":true}]}}