{"id":7517,"date":"2022-05-29T10:58:18","date_gmt":"2022-05-29T13:58:18","guid":{"rendered":"https:\/\/www.confere.org.br\/wordpress\/?p=7517"},"modified":"2022-05-30T12:22:08","modified_gmt":"2022-05-30T15:22:08","slug":"nota-de-pesar","status":"publish","type":"post","link":"https:\/\/www.confere.org.br\/wordpress\/nota-de-pesar\/","title":{"rendered":"Nota de Pesar"},"content":{"rendered":"\n<p>O Conselho Federal dos Representantes Comerciais, por meio de sua diretoria e funcion\u00e1rios, manifesta profunda tristeza pela partida, na noite de ontem (28 de maio), do amigo e colaborador Daniel Nery do Vabo, que trilhou sua jornada profissional no Sistema Confere\/Cores.<\/p>\n\n\n\n<p>\u00c0 fam\u00edlia, nossa solidariedade neste momento de resigna\u00e7\u00e3o e recolhimento, bem como a certeza de que ele deixa, a cada um com quem conviveu, um legado de amizade e de dedica\u00e7\u00e3o.<\/p>\n\n\n\n<p>Que Deus o receba em sua infinita miseric\u00f3rdia, dando-lhe a eterna paz espiritual!<\/p>\n","protected":false},"excerpt":{"rendered":"<p>Daniel Nery do Vabo<\/p>\n","protected":false},"author":3,"featured_media":4288,"comment_status":"closed","ping_status":"closed","sticky":false,"template":"","format":"standard","meta":[],"categories":[34,49,17],"tags":[],"_links":{"self":[{"href":"https:\/\/www.confere.org.br\/wordpress\/wp-json\/wp\/v2\/posts\/7517"}],"collection":[{"href":"https:\/\/www.confere.org.br\/wordpress\/wp-json\/wp\/v2\/posts"}],"about":[{"href":"https:\/\/www.confere.org.br\/wordpress\/wp-json\/wp\/v2\/types\/post"}],"author":[{"embeddable":true,"href":"https:\/\/www.confere.org.br\/wordpress\/wp-json\/wp\/v2\/users\/3"}],"replies":[{"embeddable":true,"href":"https:\/\/www.confere.org.br\/wordpress\/wp-json\/wp\/v2\/comments?post=7517"}],"version-history":[{"count":3,"href":"https:\/\/www.confere.org.br\/wordpress\/wp-json\/wp\/v2\/posts\/7517\/revisions"}],"predecessor-version":[{"id":7524,"href":"https:\/\/www.confere.org.br\/wordpress\/wp-json\/wp\/v2\/posts\/7517\/revisions\/7524"}],"wp:featuredmedia":[{"embeddable":true,"href":"https:\/\/www.confere.org.br\/wordpress\/wp-json\/wp\/v2\/media\/4288"}],"wp:attachment":[{"href":"https:\/\/www.confere.org.br\/wordpress\/wp-json\/wp\/v2\/media?parent=7517"}],"wp:term":[{"taxonomy":"category","embeddable":true,"href":"https:\/\/www.confere.org.br\/wordpress\/wp-json\/wp\/v2\/categories?post=7517"},{"taxonomy":"post_tag","embeddable":true,"href":"https:\/\/www.confere.org.br\/wordpress\/wp-json\/wp\/v2\/tags?post=7517"}],"curies":[{"name":"wp","href":"https:\/\/api.w.org\/{rel}","templated":true}]}}