{"id":7541,"date":"2022-06-02T10:26:04","date_gmt":"2022-06-02T13:26:04","guid":{"rendered":"https:\/\/www.confere.org.br\/wordpress\/?p=7541"},"modified":"2022-06-02T10:26:06","modified_gmt":"2022-06-02T13:26:06","slug":"consumo-das-familias-sobe-07-no-primeiro-trimestre","status":"publish","type":"post","link":"https:\/\/www.confere.org.br\/wordpress\/consumo-das-familias-sobe-07-no-primeiro-trimestre\/","title":{"rendered":"Consumo das fam\u00edlias sobe 0,7% no primeiro trimestre"},"content":{"rendered":"\n<p>O consumo das fam\u00edlias, motor do <a rel=\"noreferrer noopener\" href=\"https:\/\/www1.folha.uol.com.br\/folha-topicos\/pib\/\" target=\"_blank\">PIB (Produto Interno Bruto)<\/a> brasileiro, teve alta de 0,7% no primeiro trimestre de 2022, frente aos tr\u00eas meses imediatamente anteriores, informou nesta quinta-feira (02) o IBGE (Instituto Brasileiro de Geografia e Estat\u00edstica).<\/p>\n\n\n\n<p>O consumo das fam\u00edlias \u00e9 o principal componente do PIB sob \u00f3tica da demanda (ou seja, dos gastos com bens e servi\u00e7os). Responde por cerca de 60% do c\u00e1lculo do indicador no pa\u00eds.<\/p>\n\n\n\n<p>O resultado do primeiro trimestre reflete um cen\u00e1rio de <a href=\"https:\/\/www1.folha.uol.com.br\/mercado\/2022\/04\/fim-da-mascara-faz-crescer-o-consumo-de-maquiagem.shtml\" target=\"_blank\" rel=\"noreferrer noopener\">flexibiliza\u00e7\u00e3o de atividades econ\u00f4micas<\/a> ap\u00f3s o baque causado pela pandemia de Covid-19.<\/p>\n\n\n\n<p>A derrubada de restri\u00e7\u00f5es e o retorno de gastos com servi\u00e7os, que haviam sido <a href=\"https:\/\/www1.folha.uol.com.br\/mercado\/2022\/04\/fim-da-mascara-faz-crescer-o-consumo-de-maquiagem.shtml\" target=\"_blank\" rel=\"noreferrer noopener\">represados pela crise sanit\u00e1ria<\/a>, foram os principais fatores que levaram nas \u00faltimas semanas economistas a projetarem avan\u00e7o do indicador.<\/p>\n\n\n\n<p>&#8220;No consumo das fam\u00edlias, a demanda est\u00e1 relacionada aos servi\u00e7os que s\u00e3o principalmente feitos de forma presencial, como as atividades ligadas a viagens&#8221;, diz Rebeca Palis, coordenadora de Contas Nacionais do IBGE.<\/p>\n\n\n\n<p>Analistas, por\u00e9m, avaliam que, passado o intervalo de volta das atividades econ\u00f4micas, a rea\u00e7\u00e3o do consumo pode esbarrar em uma s\u00e9rie de amea\u00e7as nos pr\u00f3ximos meses. Um dos principais riscos \u00e9 o efeito dos <a href=\"https:\/\/www1.folha.uol.com.br\/mercado\/2022\/05\/campos-neto-ve-inflacao-contaminada-e-defende-elevacao-da-selic-em-audiencia-na-camara.shtml\" target=\"_blank\" rel=\"noreferrer noopener\">juros mais altos<\/a>, al\u00e9m da <a href=\"https:\/\/www1.folha.uol.com.br\/folha-topicos\/inflacao\/\" target=\"_blank\" rel=\"noreferrer noopener\">infla\u00e7\u00e3o<\/a> persistente.<\/p>\n\n\n\n<p>O IBGE tamb\u00e9m informou nesta quinta que os investimentos produtivos na economia brasileira, medidos pelo indicador de FBCF (Forma\u00e7\u00e3o Bruta de Capital Fixo), ca\u00edram 3,5%.<\/p>\n\n\n\n<p>&#8220;Essa queda foi impactada pela diminui\u00e7\u00e3o na produ\u00e7\u00e3o e importa\u00e7\u00e3o de bens de capital, apesar de a constru\u00e7\u00e3o ter crescido no per\u00edodo&#8221;, explica. No primeiro trimestre, a taxa de investimento foi de 18,7% do PIB, ficando abaixo da registrada no mesmo per\u00edodo do ano passado (19,7%).<\/p>\n\n\n\n<p>No setor externo, as exporta\u00e7\u00f5es de Bens e Servi\u00e7os cresceram 5,0%, enquanto as importa\u00e7\u00f5es de Bens e Servi\u00e7os ca\u00edram 4,6% em rela\u00e7\u00e3o ao quarto trimestre de 2021.<\/p>\n\n\n\n<p>O primeiro trimestre foi marcado no cen\u00e1rio internacional pelos efeitos iniciais da <a href=\"https:\/\/www1.folha.uol.com.br\/mundo\/guerra-da-ucrania\/\" target=\"_blank\" rel=\"noreferrer noopener\">Guerra da Ucr\u00e2nia.<\/a><\/p>\n\n\n\n<p>Com a invas\u00e3o russa, commodities agr\u00edcolas e o petr\u00f3leo tiveram <a href=\"https:\/\/www1.folha.uol.com.br\/mercado\/2022\/03\/commodities-em-alta-fazem-previsoes-para-a-balanca-comercial-saltarem-60.shtml\" target=\"_blank\" rel=\"noreferrer noopener\">alta nas cota\u00e7\u00f5es<\/a>. Na teoria, pre\u00e7os mais elevados incentivam exporta\u00e7\u00f5es e dificultam importa\u00e7\u00f5es.<\/p>\n\n\n\n<p>O consumo do governo, por sua vez, apresentou estabilidade (0,1%) no primeiro trimestre, de acordo com o IBGE.<\/p>\n\n\n\n<p><br><br>Fonte: <a rel=\"noreferrer noopener\" href=\"https:\/\/www1.folha.uol.com.br\/mercado\/2022\/06\/consumo-das-familias-sobe-07-no-primeiro-trimestre.shtml\" target=\"_blank\">Folha de S. Paulo<\/a><\/p>\n","protected":false},"excerpt":{"rendered":"<p>Investimentos produtivos na economia brasileira recuaram 3,5%, diz IBGE<\/p>\n","protected":false},"author":3,"featured_media":3435,"comment_status":"closed","ping_status":"closed","sticky":false,"template":"","format":"standard","meta":[],"categories":[2],"tags":[],"_links":{"self":[{"href":"https:\/\/www.confere.org.br\/wordpress\/wp-json\/wp\/v2\/posts\/7541"}],"collection":[{"href":"https:\/\/www.confere.org.br\/wordpress\/wp-json\/wp\/v2\/posts"}],"about":[{"href":"https:\/\/www.confere.org.br\/wordpress\/wp-json\/wp\/v2\/types\/post"}],"author":[{"embeddable":true,"href":"https:\/\/www.confere.org.br\/wordpress\/wp-json\/wp\/v2\/users\/3"}],"replies":[{"embeddable":true,"href":"https:\/\/www.confere.org.br\/wordpress\/wp-json\/wp\/v2\/comments?post=7541"}],"version-history":[{"count":2,"href":"https:\/\/www.confere.org.br\/wordpress\/wp-json\/wp\/v2\/posts\/7541\/revisions"}],"predecessor-version":[{"id":7558,"href":"https:\/\/www.confere.org.br\/wordpress\/wp-json\/wp\/v2\/posts\/7541\/revisions\/7558"}],"wp:featuredmedia":[{"embeddable":true,"href":"https:\/\/www.confere.org.br\/wordpress\/wp-json\/wp\/v2\/media\/3435"}],"wp:attachment":[{"href":"https:\/\/www.confere.org.br\/wordpress\/wp-json\/wp\/v2\/media?parent=7541"}],"wp:term":[{"taxonomy":"category","embeddable":true,"href":"https:\/\/www.confere.org.br\/wordpress\/wp-json\/wp\/v2\/categories?post=7541"},{"taxonomy":"post_tag","embeddable":true,"href":"https:\/\/www.confere.org.br\/wordpress\/wp-json\/wp\/v2\/tags?post=7541"}],"curies":[{"name":"wp","href":"https:\/\/api.w.org\/{rel}","templated":true}]}}