{"id":7562,"date":"2022-06-02T13:25:30","date_gmt":"2022-06-02T16:25:30","guid":{"rendered":"https:\/\/www.confere.org.br\/wordpress\/?p=7562"},"modified":"2022-06-02T13:25:32","modified_gmt":"2022-06-02T16:25:32","slug":"servicos-presenciais-puxam-crescimento-da-economia-no-1o-trimestre","status":"publish","type":"post","link":"https:\/\/www.confere.org.br\/wordpress\/servicos-presenciais-puxam-crescimento-da-economia-no-1o-trimestre\/","title":{"rendered":"Servi\u00e7os presenciais puxam crescimento da economia no 1\u00ba trimestre"},"content":{"rendered":"\n<p>O crescimento de 1% no setor de servi\u00e7os foi o principal respons\u00e1vel pelo avan\u00e7o&nbsp;da economia do pa\u00eds, na passagem do \u00faltimo trimestre de 2021 para o primeiro deste ano. O Produto Interno Bruto (PIB), a soma de todos os bens e servi\u00e7os produzidos no pa\u00eds, teve crescimento de 1% no per\u00edodo.<img src=\"https:\/\/agenciabrasil.ebc.com.br\/ebc.png?id=1463300&amp;o=node\"><img src=\"https:\/\/agenciabrasil.ebc.com.br\/ebc.gif?id=1463300&amp;o=node\"><\/p>\n\n\n\n<p>De acordo com dados divulgados&nbsp;hoje&nbsp;(2) pelo Instituto Brasileiro de Geografia e Estat\u00edstica (IBGE), um dos destaques foi o segmento de outros servi\u00e7os, que inclui trabalhos&nbsp;presenciais prestados \u00e0s fam\u00edlias, como alojamento e alimenta\u00e7\u00e3o, e que cresceu 2,2%.<\/p>\n\n\n\n<p>Outro destaque entre os servi\u00e7os foi&nbsp;o grupo transporte, armazenagem e correio, que cresceu 2,1%. J\u00e1 o com\u00e9rcio avan\u00e7ou&nbsp;1,6%.<\/p>\n\n\n\n<p>Segundo o IBGE, o&nbsp;crescimento tem rela\u00e7\u00e3o com a flexibiliza\u00e7\u00e3o das medidas de isolamento adotadas devido \u00e0 pandemia de covid-19. \u201cO avan\u00e7o se deu basicamente pelo aumento da demanda por&nbsp;servi\u00e7os, principalmente os presenciais voltados para as fam\u00edlias\u201d, disse a pesquisadora do IBGE Rebeca Palis.<\/p>\n\n\n\n<p>Ela destaca que servi\u00e7os relacionados a viagens&nbsp;tamb\u00e9m cresceram. \u201cO transporte a\u00e9reo de passageiros cresceu bastante. Nos servi\u00e7os tamb\u00e9m t\u00eam alojamento e alimenta\u00e7\u00e3o. Al\u00e9m da flexibiliza\u00e7\u00e3o, cresceu a pr\u00f3pria demanda da popula\u00e7\u00e3o. Diminuiu o receio do consumo desses servi\u00e7os\u201d.<\/p>\n\n\n\n<p>O PIB brasileiro est\u00e1 1,6% acima do quarto trimestre de 2019, ou seja, \u00faltimo trimestre antes da pandemia. Apesar disso, ainda se encontra 1,7% abaixo do patamar recorde da economia brasileira&nbsp;no primeiro trimestre de 2014.<\/p>\n\n\n\n<p>\u201cA gente mais do que superou a retra\u00e7\u00e3o que houve com a pandemia, mas ainda n\u00e3o recuperou o patamar pr\u00e9-crise de 2015\/2016\u201d, afirmou Rebeca.<\/p>\n\n\n\n<p>A ind\u00fastria, por sua vez, manteve certa estabilidade, ao variar apenas 0,1%. Alguns segmentos apresentaram alta, como eletricidade e g\u00e1s, \u00e1gua, esgoto e gest\u00e3o de res\u00edduos (6,6%) e ind\u00fastria da transforma\u00e7\u00e3o (1,4%). A&nbsp;ind\u00fastria&nbsp;da transforma\u00e7\u00e3o, no entanto, freou o desempenho do setor industrial, com queda de 3,4%.<\/p>\n\n\n\n<p>A agropecu\u00e1ria, por outro lado, teve resultado negativo, ao cair 0,9%. Segundo o IBGE, a queda foi influenciada principalmente pela estiagem no Sul do pa\u00eds, que provocou perdas na estimativa de produ\u00e7\u00e3o da soja, maior lavoura brasileira.<\/p>\n\n\n\n<h4><br>Despesas<\/h4>\n\n\n\n<p>Quanto \u00e0s despesas, o crescimento foi puxado por dois componentes: o consumo das fam\u00edlias, que avan\u00e7ou 0,7%, e as exporta\u00e7\u00f5es, que subiram 5% no primeiro trimestre.<\/p>\n\n\n\n<p>A forma\u00e7\u00e3o bruta de capital fixo, que mede os investimentos, teve queda de 3,5% no per\u00edodo, relacionada \u00e0 diminui\u00e7\u00e3o na produ\u00e7\u00e3o e importa\u00e7\u00e3o de bens de capital.<\/p>\n\n\n\n<p><br><br>Fonte: <a href=\"https:\/\/agenciabrasil.ebc.com.br\/economia\/noticia\/2022-06\/servicos-presenciais-puxam-crescimento-da-economia-no-1o-trimestre\" target=\"_blank\" rel=\"noreferrer noopener\">Ag\u00eancia Brasil<\/a><\/p>\n","protected":false},"excerpt":{"rendered":"<p>PIB registrou crescimento de 1% no per\u00edodo<\/p>\n","protected":false},"author":3,"featured_media":3778,"comment_status":"closed","ping_status":"closed","sticky":false,"template":"","format":"standard","meta":[],"categories":[2],"tags":[],"_links":{"self":[{"href":"https:\/\/www.confere.org.br\/wordpress\/wp-json\/wp\/v2\/posts\/7562"}],"collection":[{"href":"https:\/\/www.confere.org.br\/wordpress\/wp-json\/wp\/v2\/posts"}],"about":[{"href":"https:\/\/www.confere.org.br\/wordpress\/wp-json\/wp\/v2\/types\/post"}],"author":[{"embeddable":true,"href":"https:\/\/www.confere.org.br\/wordpress\/wp-json\/wp\/v2\/users\/3"}],"replies":[{"embeddable":true,"href":"https:\/\/www.confere.org.br\/wordpress\/wp-json\/wp\/v2\/comments?post=7562"}],"version-history":[{"count":1,"href":"https:\/\/www.confere.org.br\/wordpress\/wp-json\/wp\/v2\/posts\/7562\/revisions"}],"predecessor-version":[{"id":7563,"href":"https:\/\/www.confere.org.br\/wordpress\/wp-json\/wp\/v2\/posts\/7562\/revisions\/7563"}],"wp:featuredmedia":[{"embeddable":true,"href":"https:\/\/www.confere.org.br\/wordpress\/wp-json\/wp\/v2\/media\/3778"}],"wp:attachment":[{"href":"https:\/\/www.confere.org.br\/wordpress\/wp-json\/wp\/v2\/media?parent=7562"}],"wp:term":[{"taxonomy":"category","embeddable":true,"href":"https:\/\/www.confere.org.br\/wordpress\/wp-json\/wp\/v2\/categories?post=7562"},{"taxonomy":"post_tag","embeddable":true,"href":"https:\/\/www.confere.org.br\/wordpress\/wp-json\/wp\/v2\/tags?post=7562"}],"curies":[{"name":"wp","href":"https:\/\/api.w.org\/{rel}","templated":true}]}}