{"id":7568,"date":"2022-06-03T16:51:54","date_gmt":"2022-06-03T19:51:54","guid":{"rendered":"https:\/\/www.confere.org.br\/wordpress\/?p=7568"},"modified":"2022-06-03T16:51:56","modified_gmt":"2022-06-03T19:51:56","slug":"ibge-producao-industrial-sobe-01-de-marco-para-abril","status":"publish","type":"post","link":"https:\/\/www.confere.org.br\/wordpress\/ibge-producao-industrial-sobe-01-de-marco-para-abril\/","title":{"rendered":"IBGE: produ\u00e7\u00e3o industrial sobe 0,1% de mar\u00e7o para abril"},"content":{"rendered":"\n<p>A produ\u00e7\u00e3o da ind\u00fastria no pa\u00eds variou 0,1% de mar\u00e7o para abril deste ano, segundo dados da Pesquisa Industrial Mensal (PIM) divulgados&nbsp;hoje&nbsp;(3) pelo Instituto Brasileiro de Geografia e Estat\u00edstica (IBGE). Essa \u00e9 a terceira avan\u00e7o consecutiva do indicador, que acumula alta de 1,4% no per\u00edodo de tr\u00eas meses.<img src=\"https:\/\/agenciabrasil.ebc.com.br\/ebc.png?id=1463543&amp;o=node\"><img src=\"https:\/\/agenciabrasil.ebc.com.br\/ebc.gif?id=1463543&amp;o=node\"><\/p>\n\n\n\n<p>\u201cA produ\u00e7\u00e3o industrial, ao assinalar varia\u00e7\u00e3o positiva de 0,1% em abril de 2022, marcou o terceiro m\u00eas seguido de expans\u00e3o, mas eliminou o recuo de 1,9% registrado em janeiro \u00faltimo. O setor industrial ainda se encontra 1,5% abaixo do patamar pr\u00e9-pandemia, ou seja, de fevereiro de 2020, e 18% abaixo do n\u00edvel recorde, alcan\u00e7ado em maio de 2011\u201d, explicou o gerente da pesquisa, Andr\u00e9 Macedo.<\/p>\n\n\n\n<p>Na m\u00e9dia m\u00f3vel trimestral, a ind\u00fastria tamb\u00e9m cresceu (0,5%). Nos demais tipos de compara\u00e7\u00e3o, no entanto, a produ\u00e7\u00e3o teve quedas: em rela\u00e7\u00e3o a abril de 2021 (-0,5%), no acumulado do ano (-3,4%) e no acumulado de 12 meses (-0,3%).<\/p>\n\n\n\n<p>Na passagem&nbsp;de mar\u00e7o para abril, 16 das 26 atividades pesquisadas tiveram alta na produ\u00e7\u00e3o, com destaques para coque, produtos derivados do petr\u00f3leo e biocombust\u00edveis (4,6%), bebidas (5,2%) e outros produtos qu\u00edmicos (2,8%).<\/p>\n\n\n\n<p>Por outro lado, dez atividades tiveram queda, entre elas produtos aliment\u00edcios (-4,1%) e ve\u00edculos automotores, reboques e carrocerias (-4,2%).<\/p>\n\n\n\n<p>Entre as quatro grandes categorias econ\u00f4micas da ind\u00fastria, tiveram alta apenas os bens de consumo semi e n\u00e3o dur\u00e1veis (2,3%) e os bens intermedi\u00e1rios, isto \u00e9, os insumos industrializados usados no setor produtivo (0,8%). Os bens de capital &#8211; m\u00e1quinas e equipamentos &#8211; ca\u00edram 9,2%, enquanto os bens de consumo dur\u00e1veis recuaram 5,5%.<\/p>\n\n\n\n<p><br><br>Fonte: <a href=\"https:\/\/agenciabrasil.ebc.com.br\/economia\/noticia\/2022-06\/ibge-producao-industrial-sobe-01-de-marco-para-abril\" target=\"_blank\" rel=\"noreferrer noopener\">Ag\u00eancia Brasil<\/a><\/p>\n","protected":false},"excerpt":{"rendered":"<p>Indicador acumula alta de 1,4% em tr\u00eas meses<\/p>\n","protected":false},"author":3,"featured_media":5424,"comment_status":"closed","ping_status":"closed","sticky":false,"template":"","format":"standard","meta":[],"categories":[2],"tags":[],"_links":{"self":[{"href":"https:\/\/www.confere.org.br\/wordpress\/wp-json\/wp\/v2\/posts\/7568"}],"collection":[{"href":"https:\/\/www.confere.org.br\/wordpress\/wp-json\/wp\/v2\/posts"}],"about":[{"href":"https:\/\/www.confere.org.br\/wordpress\/wp-json\/wp\/v2\/types\/post"}],"author":[{"embeddable":true,"href":"https:\/\/www.confere.org.br\/wordpress\/wp-json\/wp\/v2\/users\/3"}],"replies":[{"embeddable":true,"href":"https:\/\/www.confere.org.br\/wordpress\/wp-json\/wp\/v2\/comments?post=7568"}],"version-history":[{"count":1,"href":"https:\/\/www.confere.org.br\/wordpress\/wp-json\/wp\/v2\/posts\/7568\/revisions"}],"predecessor-version":[{"id":7573,"href":"https:\/\/www.confere.org.br\/wordpress\/wp-json\/wp\/v2\/posts\/7568\/revisions\/7573"}],"wp:featuredmedia":[{"embeddable":true,"href":"https:\/\/www.confere.org.br\/wordpress\/wp-json\/wp\/v2\/media\/5424"}],"wp:attachment":[{"href":"https:\/\/www.confere.org.br\/wordpress\/wp-json\/wp\/v2\/media?parent=7568"}],"wp:term":[{"taxonomy":"category","embeddable":true,"href":"https:\/\/www.confere.org.br\/wordpress\/wp-json\/wp\/v2\/categories?post=7568"},{"taxonomy":"post_tag","embeddable":true,"href":"https:\/\/www.confere.org.br\/wordpress\/wp-json\/wp\/v2\/tags?post=7568"}],"curies":[{"name":"wp","href":"https:\/\/api.w.org\/{rel}","templated":true}]}}