{"id":7571,"date":"2022-06-03T16:39:01","date_gmt":"2022-06-03T19:39:01","guid":{"rendered":"https:\/\/www.confere.org.br\/wordpress\/?p=7571"},"modified":"2022-06-21T16:29:49","modified_gmt":"2022-06-21T19:29:49","slug":"core-ce-encerra-maio-com-mais-de-150-registros-profissionais-novos","status":"publish","type":"post","link":"https:\/\/www.confere.org.br\/wordpress\/core-ce-encerra-maio-com-mais-de-150-registros-profissionais-novos\/","title":{"rendered":"Core-CE encerra maio com mais de 150 registros profissionais novos"},"content":{"rendered":"\n<p>No \u00faltimo m\u00eas de maio foram emitidos 157 novos registros profissionais. Ou seja, quase o dobro do n\u00famero de profissionais que procuraram a entidade no m\u00eas de abril, quando as inscri\u00e7\u00f5es ficaram em 84.<\/p>\n\n\n\n<p>De acordo com a legisla\u00e7\u00e3o (Lei n\u00ba 4.886\/65), que regulamenta a profiss\u00e3o de Representante Comercial, s\u00f3 o profissional registrado garante seguran\u00e7a para as empresas. \u201cO representante \u00e9 um promotor de boas pr\u00e1ticas de neg\u00f3cios e deve estar devidamente regularizado em seu Conselho de Classe\u201d, argumenta a chefe do setor, Rosa Maria.&nbsp;<\/p>\n\n\n\n<p>Para o presidente do \u00f3rg\u00e3o no Cear\u00e1, Francisco de Assis Philomeno Gomes J\u00fanior, o representante comercial \u00e9 o grande elemento de intermedia\u00e7\u00e3o das vendas, contribuindo, significativamente, para o desenvolvimento econ\u00f4mico do estado.<\/p>\n\n\n\n<p>Fonte: Core-CE<\/p>\n","protected":false},"excerpt":{"rendered":"<p>A conscientiza\u00e7\u00e3o de que \u00e9 preciso exercer a profiss\u00e3o de forma legalizada tem levado profissionais a se registrar no Regional<\/p>\n","protected":false},"author":3,"featured_media":7570,"comment_status":"closed","ping_status":"closed","sticky":false,"template":"","format":"standard","meta":[],"categories":[34,17],"tags":[],"_links":{"self":[{"href":"https:\/\/www.confere.org.br\/wordpress\/wp-json\/wp\/v2\/posts\/7571"}],"collection":[{"href":"https:\/\/www.confere.org.br\/wordpress\/wp-json\/wp\/v2\/posts"}],"about":[{"href":"https:\/\/www.confere.org.br\/wordpress\/wp-json\/wp\/v2\/types\/post"}],"author":[{"embeddable":true,"href":"https:\/\/www.confere.org.br\/wordpress\/wp-json\/wp\/v2\/users\/3"}],"replies":[{"embeddable":true,"href":"https:\/\/www.confere.org.br\/wordpress\/wp-json\/wp\/v2\/comments?post=7571"}],"version-history":[{"count":2,"href":"https:\/\/www.confere.org.br\/wordpress\/wp-json\/wp\/v2\/posts\/7571\/revisions"}],"predecessor-version":[{"id":7652,"href":"https:\/\/www.confere.org.br\/wordpress\/wp-json\/wp\/v2\/posts\/7571\/revisions\/7652"}],"wp:featuredmedia":[{"embeddable":true,"href":"https:\/\/www.confere.org.br\/wordpress\/wp-json\/wp\/v2\/media\/7570"}],"wp:attachment":[{"href":"https:\/\/www.confere.org.br\/wordpress\/wp-json\/wp\/v2\/media?parent=7571"}],"wp:term":[{"taxonomy":"category","embeddable":true,"href":"https:\/\/www.confere.org.br\/wordpress\/wp-json\/wp\/v2\/categories?post=7571"},{"taxonomy":"post_tag","embeddable":true,"href":"https:\/\/www.confere.org.br\/wordpress\/wp-json\/wp\/v2\/tags?post=7571"}],"curies":[{"name":"wp","href":"https:\/\/api.w.org\/{rel}","templated":true}]}}