{"id":7586,"date":"2022-06-06T15:59:24","date_gmt":"2022-06-06T18:59:24","guid":{"rendered":"https:\/\/www.confere.org.br\/wordpress\/?p=7586"},"modified":"2022-06-06T15:59:25","modified_gmt":"2022-06-06T18:59:25","slug":"caged-brasil-criou-1969-mil-empregos-com-carteira-assinada-em-abril","status":"publish","type":"post","link":"https:\/\/www.confere.org.br\/wordpress\/caged-brasil-criou-1969-mil-empregos-com-carteira-assinada-em-abril\/","title":{"rendered":"Caged: Brasil criou 196,9 mil empregos com carteira assinada em abril"},"content":{"rendered":"\n<p>Em abril, o Brasil criou 196.966 novos empregos formais. O saldo \u00e9 resultante de um total de 1.854.557 admiss\u00f5es e de 1.657.591 desligamentos. Com isso, os trabalhadores celetistas no pa\u00eds estavam, naquele m\u00eas, em 41.448.948 v\u00ednculos, o que, segundo dados do balan\u00e7o do Cadastro Geral de Empregados e Desempregados (Novo Caged) divulgados hoje (6), representa uma alta de 0,48% na compara\u00e7\u00e3o com o m\u00eas anterior.<img src=\"https:\/\/agenciabrasil.ebc.com.br\/ebc.png?id=1463930&amp;o=node\"><img src=\"https:\/\/agenciabrasil.ebc.com.br\/ebc.gif?id=1463930&amp;o=node\"><\/p>\n\n\n\n<p>De acordo com o Novo Caged, no acumulado de 2022 o saldo est\u00e1 em 770.593 empregos, n\u00famero que decorre de um total de 7.715.322 admiss\u00f5es e de 6.944.729 desligamentos. Este saldo \u00e9 3,6% menor do que o registrado no mesmo per\u00edodo do ano passado.<\/p>\n\n\n\n<p>Segundo o secret\u00e1rio-executivo do Minist\u00e9rio do Trabalho, Bruno Dalcolmo, esse saldo negativo \u201c\u00e9 testemunho de maior base; de um maior estoque de empregos, portanto \u00e9 natural que o percentual de crescimento diminua ao longo do tempo\u201d, disse ao comentar que, no cen\u00e1rio de 2022, \u201cn\u00e3o h\u00e1 expectativa de que se gere o mesmo n\u00famero de empregos do ano passado, quando foram gerados mais de 2 milh\u00f5es de empregos.<\/p>\n\n\n\n<p>Dalcolmo explica que 2021 foi um \u201chist\u00f3rico positivo\u201d resultante de fatores como a recupera\u00e7\u00e3o da economia ap\u00f3s a covid-19 e a atua\u00e7\u00e3o dos benef\u00edcios que visaram a manuten\u00e7\u00e3o do emprego e da renda. \u201cDito isso, a expectativa para 2022 \u00e9 bastante positiva, com cria\u00e7\u00e3o entre 1,5 milh\u00e3o e 2 milh\u00f5es de empregos [at\u00e9 o final do ano]\u201d.<\/p>\n\n\n\n<h4><br>Grupamentos<\/h4>\n\n\n\n<p>Em quatro dos cinco grandes grupamentos de atividades econ\u00f4micas foram registrados saldos positivos em abril, com destaque para o setor de servi\u00e7os, que gerou 117.007 postos, distribu\u00eddos principalmente nas atividades de informa\u00e7\u00e3o, comunica\u00e7\u00e3o e atividades financeiras, imobili\u00e1rias, profissionais e administrativas.<\/p>\n\n\n\n<p>O com\u00e9rcio gerou 29.261 novos postos, enquanto a ind\u00fastria teve saldo de 26.378 postos concentrados principalmente na ind\u00fastria de transforma\u00e7\u00e3o (saldo de 22.520 postos). O setor de constru\u00e7\u00e3o apresentou saldo de 25.341 postos.<\/p>\n\n\n\n<p>O setor da agricultura, pecu\u00e1ria, produ\u00e7\u00e3o florestal, pesca e aquicultura diminuiu o n\u00famero de empregos formais, com o n\u00famero de desligamentos (96.842) ficando maior do que o de admiss\u00f5es (95.820). O saldo, portanto, ficou negativo, com 1.021 empregos a menos.<\/p>\n\n\n\n<h4><br>Regi\u00f5es e estados<\/h4>\n\n\n\n<p>Todas as cinco regi\u00f5es brasileiras tiveram saldo positivo, com uma varia\u00e7\u00e3o entre 0,32% (Regi\u00e3o Sul, com 25.102 novos postos) e 0,72% (Regi\u00e3o Centro-Oeste, com 25.598 novos postos). Na Regi\u00e3o Sudeste foram criados 101.279 postos (alta de 0,48%, na compara\u00e7\u00e3o com o m\u00eas anterior); no Nordeste foram 29.813 novos postos (0,45%); e na Regi\u00e3o Norte foram 12.023 novos postos (0,62%).<\/p>\n\n\n\n<p>Entre as unidades federativas, S\u00e3o Paulo foi quem teve melhor saldo, com 53.818 novos postos (0,42% a mais, na compara\u00e7\u00e3o com mar\u00e7o); seguido do Rio de Janeiro, com 22.403 postos (0,69%); e de Minas Gerais, com 20.059 postos (0,46%).<\/p>\n\n\n\n<p>Segundo o Caged, duas unidades federativas apresentaram saldo negativo: Alagoas, que perdeu 181 postos de empregos formais, o que representa queda de 0,05%; e Pernambuco que diminuiu em 807 o saldo de empregos celetistas (-0,06%).<\/p>\n\n\n\n<p>Em termos relativos, o Amap\u00e1 foi o estado que registrou maior alta no estoque (1,04%, o que corresponde a um acr\u00e9scimo de 752 postos no saldo). Em segundo lugar est\u00e1 Goi\u00e1s (0,98%, com um saldo positivo de 13.166 postos).<\/p>\n\n\n\n<p>O sal\u00e1rio m\u00e9dio do pa\u00eds, registrado no momento de admiss\u00e3o no m\u00eas de abril estava em R$ 1.906,54. \u201cComparado ao m\u00eas anterior, houve acr\u00e9scimo real de R$ 15 no sal\u00e1rio m\u00e9dio de admiss\u00e3o, uma varia\u00e7\u00e3o em torno de 0,79%\u201d, detalha o Caged.<\/p>\n\n\n\n<h4><br>Trabalho Intermitente<\/h4>\n\n\n\n<p>O Novo Caged detalha tamb\u00e9m a situa\u00e7\u00e3o do trabalho intermitente no pa\u00eds, modelo adotado desde a reforma trabalhista implementada pelo governo Michel Temer. Neste tipo de contrato de trabalho, a presta\u00e7\u00e3o de servi\u00e7o n\u00e3o \u00e9 cont\u00ednua e pode ocorrer altern\u00e2ncia de per\u00edodos de presta\u00e7\u00e3o de servi\u00e7os e de inatividade.<\/p>\n\n\n\n<p>Segundo o Caged, em abril essa modalidade registrou 23.142 admiss\u00f5es e 15.486 desligamentos, gerando saldo de 7.656 empregos em 5.406 estabelecimentos contratantes. \u201cUm total de 202 empregados celebrou mais de um contrato na condi\u00e7\u00e3o de trabalhador intermitente\u201d.<\/p>\n\n\n\n<p>Os setores que mais contrataram trabalho intermitente foram os de servi\u00e7os (5.778 postos); constru\u00e7\u00e3o civil (888 postos); ind\u00fastria geral (600); e com\u00e9rcio (471). O de agropecu\u00e1ria apresentou saldo negativo (-81 postos).<\/p>\n\n\n\n<h4><br>Regime Parcial<\/h4>\n\n\n\n<p>Esta modalidade de contrato possibilita dura\u00e7\u00e3o que n\u00e3o exceda as 30 horas semanais, sem a possibilidade de horas suplementares semanais, ou, ainda, de dura\u00e7\u00e3o que n\u00e3o exceda a 26 horas semanais, com a possibilidade de acr\u00e9scimo de at\u00e9 seis horas suplementares semanais.<\/p>\n\n\n\n<p>Nesta modalidade, o saldo ficou em 4.738 novos postos, resultado de 20.863 admiss\u00f5es e 16.125 desligamentos, em 9.635 estabelecimentos contratantes.<\/p>\n\n\n\n<p>O setor de servi\u00e7os foi o que apresentou maior saldo, com 2.502 novos postos, seguido do com\u00e9rcio (1.516 postos), da ind\u00fastria geral (539 postos), constru\u00e7\u00e3o civil (141 postos) e agropecu\u00e1ria (40 postos).<\/p>\n\n\n\n<h4><br>Desligamentos acordados<\/h4>\n\n\n\n<p>Em abril, o total de desligamento mediante acordo entre empregador e empregado ficou em 17.783. O Caged acrescenta que houve 74 empregados que realizaram mais de um desligamento por meio de acordo com o empregador.<\/p>\n\n\n\n<p>O setor de servi\u00e7os registrou 8.425 desligamentos, enquanto o do com\u00e9rcio mostrou 3.938 demiss\u00f5es. O de ind\u00fastria geral respondeu por 3.241 desligamentos; o de constru\u00e7\u00e3o, por 1.532; e o de agropecu\u00e1ria, por 647 demiss\u00f5es.<\/p>\n\n\n\n<p><br><br>Fonte: <a href=\"https:\/\/agenciabrasil.ebc.com.br\/economia\/noticia\/2022-06\/caged-brasil-criou-1969-mil-empregos-com-carteira-assinada-em-abril\" target=\"_blank\" rel=\"noreferrer noopener\">Ag\u00eancia Brasil<\/a><\/p>\n","protected":false},"excerpt":{"rendered":"<p>No acumulado do ano, o saldo \u00e9 de 770 mil vagas<\/p>\n","protected":false},"author":3,"featured_media":2798,"comment_status":"closed","ping_status":"closed","sticky":false,"template":"","format":"standard","meta":[],"categories":[2],"tags":[],"_links":{"self":[{"href":"https:\/\/www.confere.org.br\/wordpress\/wp-json\/wp\/v2\/posts\/7586"}],"collection":[{"href":"https:\/\/www.confere.org.br\/wordpress\/wp-json\/wp\/v2\/posts"}],"about":[{"href":"https:\/\/www.confere.org.br\/wordpress\/wp-json\/wp\/v2\/types\/post"}],"author":[{"embeddable":true,"href":"https:\/\/www.confere.org.br\/wordpress\/wp-json\/wp\/v2\/users\/3"}],"replies":[{"embeddable":true,"href":"https:\/\/www.confere.org.br\/wordpress\/wp-json\/wp\/v2\/comments?post=7586"}],"version-history":[{"count":1,"href":"https:\/\/www.confere.org.br\/wordpress\/wp-json\/wp\/v2\/posts\/7586\/revisions"}],"predecessor-version":[{"id":7587,"href":"https:\/\/www.confere.org.br\/wordpress\/wp-json\/wp\/v2\/posts\/7586\/revisions\/7587"}],"wp:featuredmedia":[{"embeddable":true,"href":"https:\/\/www.confere.org.br\/wordpress\/wp-json\/wp\/v2\/media\/2798"}],"wp:attachment":[{"href":"https:\/\/www.confere.org.br\/wordpress\/wp-json\/wp\/v2\/media?parent=7586"}],"wp:term":[{"taxonomy":"category","embeddable":true,"href":"https:\/\/www.confere.org.br\/wordpress\/wp-json\/wp\/v2\/categories?post=7586"},{"taxonomy":"post_tag","embeddable":true,"href":"https:\/\/www.confere.org.br\/wordpress\/wp-json\/wp\/v2\/tags?post=7586"}],"curies":[{"name":"wp","href":"https:\/\/api.w.org\/{rel}","templated":true}]}}