{"id":7597,"date":"2022-06-07T16:34:50","date_gmt":"2022-06-07T19:34:50","guid":{"rendered":"https:\/\/www.confere.org.br\/wordpress\/?p=7597"},"modified":"2022-06-23T16:20:37","modified_gmt":"2022-06-23T19:20:37","slug":"dispensa-eletronica-no-011-2022-aquisicao-de-leitor-optico-de-codigo-de-barras","status":"publish","type":"post","link":"https:\/\/www.confere.org.br\/wordpress\/dispensa-eletronica-no-011-2022-aquisicao-de-leitor-optico-de-codigo-de-barras\/","title":{"rendered":"Dispensa Eletr\u00f4nica n\u00ba 011\/2022 \u2013 Aquisi\u00e7\u00e3o de Leitor \u00d3ptico de C\u00f3digo de Barras"},"content":{"rendered":"\n<ul><li><a rel=\"noreferrer noopener\" href=\"https:\/\/www.confere.org.br\/wordpress\/wp-content\/uploads\/2022\/06\/TERMO-DE-REFERENCIA-LEITOR-OPTICO-DE-CODIGO-DE-BARRAS.pdf\" target=\"_blank\">Termo de Refer\u00eancia<\/a><\/li><li><a rel=\"noreferrer noopener\" href=\"https:\/\/pncp.gov.br\/app\/editais\/34046367000168\/2022\/10\" target=\"_blank\">https:\/\/pncp.gov.br\/app\/editais\/34046367000168\/2022\/10<\/a><\/li><li>23\/06\/2022 &#8211; <a href=\"https:\/\/www.confere.org.br\/wordpress\/wp-content\/uploads\/2022\/06\/relatorio_dispensa_389047_112022.pdf\" target=\"_blank\" rel=\"noreferrer noopener\">Relat\u00f3rio\u00a0Homologado<\/a><\/li><\/ul>\n","protected":false},"excerpt":{"rendered":"<p>Termo de Refer\u00eancia https:\/\/pncp.gov.br\/app\/editais\/34046367000168\/2022\/10 23\/06\/2022 &#8211; Relat\u00f3rio\u00a0Homologado<\/p>\n","protected":false},"author":3,"featured_media":0,"comment_status":"closed","ping_status":"closed","sticky":false,"template":"","format":"standard","meta":[],"categories":[60],"tags":[],"_links":{"self":[{"href":"https:\/\/www.confere.org.br\/wordpress\/wp-json\/wp\/v2\/posts\/7597"}],"collection":[{"href":"https:\/\/www.confere.org.br\/wordpress\/wp-json\/wp\/v2\/posts"}],"about":[{"href":"https:\/\/www.confere.org.br\/wordpress\/wp-json\/wp\/v2\/types\/post"}],"author":[{"embeddable":true,"href":"https:\/\/www.confere.org.br\/wordpress\/wp-json\/wp\/v2\/users\/3"}],"replies":[{"embeddable":true,"href":"https:\/\/www.confere.org.br\/wordpress\/wp-json\/wp\/v2\/comments?post=7597"}],"version-history":[{"count":2,"href":"https:\/\/www.confere.org.br\/wordpress\/wp-json\/wp\/v2\/posts\/7597\/revisions"}],"predecessor-version":[{"id":7673,"href":"https:\/\/www.confere.org.br\/wordpress\/wp-json\/wp\/v2\/posts\/7597\/revisions\/7673"}],"wp:attachment":[{"href":"https:\/\/www.confere.org.br\/wordpress\/wp-json\/wp\/v2\/media?parent=7597"}],"wp:term":[{"taxonomy":"category","embeddable":true,"href":"https:\/\/www.confere.org.br\/wordpress\/wp-json\/wp\/v2\/categories?post=7597"},{"taxonomy":"post_tag","embeddable":true,"href":"https:\/\/www.confere.org.br\/wordpress\/wp-json\/wp\/v2\/tags?post=7597"}],"curies":[{"name":"wp","href":"https:\/\/api.w.org\/{rel}","templated":true}]}}