{"id":7600,"date":"2022-06-08T14:40:14","date_gmt":"2022-06-08T17:40:14","guid":{"rendered":"https:\/\/www.confere.org.br\/wordpress\/?p=7600"},"modified":"2022-06-08T14:40:16","modified_gmt":"2022-06-08T17:40:16","slug":"consumo-das-familias-tem-alta-de-73-em-abril","status":"publish","type":"post","link":"https:\/\/www.confere.org.br\/wordpress\/consumo-das-familias-tem-alta-de-73-em-abril\/","title":{"rendered":"Consumo das fam\u00edlias tem alta de 7,3% em abril"},"content":{"rendered":"\n<p>O consumo das fam\u00edlias brasileiras teve alta de 7,37% em abril na compara\u00e7\u00e3o com o mesmo m\u00eas de 2021, segundo levantamento divulgado&nbsp;hoje&nbsp;(12) pela Associa\u00e7\u00e3o Brasileira de Supermercados (Abras). Nos primeiros quatro meses do ano, o consumo registra alta de 2,5% em rela\u00e7\u00e3o ao mesmo per\u00edodo do ano passado.<img src=\"https:\/\/agenciabrasil.ebc.com.br\/ebc.png?id=1464499&amp;o=node\"><img src=\"https:\/\/agenciabrasil.ebc.com.br\/ebc.gif?id=1464499&amp;o=node\"><\/p>\n\n\n\n<p>Segundo o vice-presidente Administrativo e Institucional da Abras, Marcio Milan, os resultados indicam que h\u00e1 crescimento consistente do consumo nesta primeira parte do ano. \u201cMostra estabilidade no consumo nos meses&nbsp;de fevereiro, mar\u00e7o e abril\u201d, ressaltou. Em compara\u00e7\u00e3o com mar\u00e7o, a expans\u00e3o do consumo em abril ficou 4,2%.<\/p>\n\n\n\n<p>Para este ano, a previs\u00e3o da Abras \u00e9 que o consumo das fam\u00edlias tenha crescimento de 2,8%.<\/p>\n\n\n\n<h4><br>Alta nos pre\u00e7os<\/h4>\n\n\n\n<p>A cesta com os 35 produtos mais consumidos em supermercados registrou, no acumulado&nbsp;de janeiro&nbsp;a abril, alta de 8,31% em rela\u00e7\u00e3o ao mesmo per\u00edodo de 2021. No acumulado de 12 meses, os pre\u00e7os tiveram alta de 17,87%.<\/p>\n\n\n\n<p>Os produtos com&nbsp;as maiores altas no primeiro quadrimestre de 2022 foram o leite longa vida (22,35%), o \u00f3leo de soja (20,38%), o feij\u00e3o (19,71%) e a farinha de trigo (15,45%).<\/p>\n\n\n\n<p>De acordo com Milan, os pre\u00e7os dos produtos t\u00eam sofrido diversas press\u00f5es inflacion\u00e1rias, como o aumento dos custos com energia com a Guerra na Ucr\u00e2nia. Para ele, \u00e9 necess\u00e1rio reduzir, ainda que momentaneamente, os impostos para conseguir conter a alta inflacion\u00e1ria. \u201cPelo menos um per\u00edodo de corte desses impostos. Um esfor\u00e7o do governo federal, estadual, municipal no sentido de criar alternativas para a gente\u00a0ter\u00a0uma cesta b\u00e1sica desonerada\u201d, defendeu.<\/p>\n\n\n\n<p><br><br>Fonte: <a href=\"https:\/\/agenciabrasil.ebc.com.br\/economia\/noticia\/2022-06\/consumo-das-familias-tem-alta-de-73-em-abril\" target=\"_blank\" rel=\"noreferrer noopener\">Ag\u00eancia Brasil<\/a><\/p>\n","protected":false},"excerpt":{"rendered":"<p>Para a Abras, h\u00e1 crescimento consistente do consumo<\/p>\n","protected":false},"author":3,"featured_media":5389,"comment_status":"closed","ping_status":"closed","sticky":false,"template":"","format":"standard","meta":[],"categories":[2],"tags":[],"_links":{"self":[{"href":"https:\/\/www.confere.org.br\/wordpress\/wp-json\/wp\/v2\/posts\/7600"}],"collection":[{"href":"https:\/\/www.confere.org.br\/wordpress\/wp-json\/wp\/v2\/posts"}],"about":[{"href":"https:\/\/www.confere.org.br\/wordpress\/wp-json\/wp\/v2\/types\/post"}],"author":[{"embeddable":true,"href":"https:\/\/www.confere.org.br\/wordpress\/wp-json\/wp\/v2\/users\/3"}],"replies":[{"embeddable":true,"href":"https:\/\/www.confere.org.br\/wordpress\/wp-json\/wp\/v2\/comments?post=7600"}],"version-history":[{"count":1,"href":"https:\/\/www.confere.org.br\/wordpress\/wp-json\/wp\/v2\/posts\/7600\/revisions"}],"predecessor-version":[{"id":7601,"href":"https:\/\/www.confere.org.br\/wordpress\/wp-json\/wp\/v2\/posts\/7600\/revisions\/7601"}],"wp:featuredmedia":[{"embeddable":true,"href":"https:\/\/www.confere.org.br\/wordpress\/wp-json\/wp\/v2\/media\/5389"}],"wp:attachment":[{"href":"https:\/\/www.confere.org.br\/wordpress\/wp-json\/wp\/v2\/media?parent=7600"}],"wp:term":[{"taxonomy":"category","embeddable":true,"href":"https:\/\/www.confere.org.br\/wordpress\/wp-json\/wp\/v2\/categories?post=7600"},{"taxonomy":"post_tag","embeddable":true,"href":"https:\/\/www.confere.org.br\/wordpress\/wp-json\/wp\/v2\/tags?post=7600"}],"curies":[{"name":"wp","href":"https:\/\/api.w.org\/{rel}","templated":true}]}}