{"id":7602,"date":"2022-06-08T14:49:47","date_gmt":"2022-06-08T17:49:47","guid":{"rendered":"https:\/\/www.confere.org.br\/wordpress\/?p=7602"},"modified":"2022-06-08T14:49:48","modified_gmt":"2022-06-08T17:49:48","slug":"capacita-gov-br-oferece-cursos-gratuitos-de-transformacao-digital","status":"publish","type":"post","link":"https:\/\/www.confere.org.br\/wordpress\/capacita-gov-br-oferece-cursos-gratuitos-de-transformacao-digital\/","title":{"rendered":"Capacita Gov.br oferece cursos gratuitos de transforma\u00e7\u00e3o digital"},"content":{"rendered":"\n<p>Para impulsionar a digitaliza\u00e7\u00e3o de servi\u00e7os p\u00fablicos, o governo lan\u00e7ou o programa&nbsp;<a href=\"https:\/\/www.gov.br\/governodigital\/pt-br\/sisp\/capacita\" target=\"_blank\" rel=\"noreferrer noopener\">Capacita Gov.br<\/a>&nbsp;que re\u00fane, em um s\u00f3 lugar, cursos e certifica\u00e7\u00f5es gratuitas do governo federal sobre transforma\u00e7\u00e3o digital.<img src=\"https:\/\/agenciabrasil.ebc.com.br\/ebc.png?id=1464435&amp;o=node\"><img src=\"https:\/\/agenciabrasil.ebc.com.br\/ebc.gif?id=1464435&amp;o=node\"><\/p>\n\n\n\n<p>De acordo com a Secretaria de Governo Digital do Minist\u00e9rio da Economia, s\u00e3o 74 cursos desenvolvidos em parceria com a Escola Nacional de Administra\u00e7\u00e3o P\u00fablica (Enap). Os cursos s\u00e3o voltados, principalmente, para profissionais de \u00f3rg\u00e3os da Uni\u00e3o, dos estados e munic\u00edpios que buscam impulsionar essa digitaliza\u00e7\u00e3o.&nbsp;<\/p>\n\n\n\n<p>As capacita\u00e7\u00f5es est\u00e3o divididas em seis \u00e1reas do conhecimento: ci\u00eancia de dados;,transforma\u00e7\u00e3o \u00e1gil,&nbsp;lideran\u00e7a e inova\u00e7\u00e3o, governan\u00e7a e gest\u00e3o de TIC,&nbsp;seguran\u00e7a e privacidade e transforma\u00e7\u00e3o digital.<\/p>\n\n\n\n<p>Os cursos s\u00e3o oferecidos na plataforma da Escola Virtual de Governo (EV.G), com direito a certifica\u00e7\u00f5es. Qualquer interessado pode se inscrever gratuitamente e n\u00e3o apenas servidores p\u00fablicos federais, estaduais e municipais.<\/p>\n\n\n\n<p>Entre os cursos dispon\u00edveis est\u00e3o duas certifica\u00e7\u00f5es avan\u00e7adas: Gestor \u00c1gil para Transforma\u00e7\u00e3o Digital e Transforma\u00e7\u00e3o Digital \u2013 Fundamentos.<\/p>\n\n\n\n<p>Para conseguir as qualifica\u00e7\u00f5es, o aluno precisa concluir todos os cursos relacionados a cada certifica\u00e7\u00e3o dentro de um prazo de 365 dias, a contar da data de inscri\u00e7\u00e3o no primeiro. As capacita\u00e7\u00f5es t\u00eam carga hor\u00e1ria total de 175 horas e 133 horas, respectivamente.<\/p>\n\n\n\n<p>De acordo com a secretaria, 839 pessoas j\u00e1 conclu\u00edram essas duas certifica\u00e7\u00f5es. Desde janeiro de 2019, mais de 78 mil pessoas foram capacitadas.<\/p>\n\n\n\n<p>Atualmente, h\u00e1 seis novos cursos com inscri\u00e7\u00f5es abertas:<\/p>\n\n\n\n<p><strong>PRINCE2 &#8211; Outra maneira de gerenciar projetos na administra\u00e7\u00e3o p\u00fablica<\/strong><\/p>\n\n\n\n<p><a href=\"https:\/\/www.escolavirtual.gov.br\/curso\/723\">https:\/\/www.escolavirtual.gov.br\/curso\/723<\/a><\/p>\n\n\n\n<p><strong>Design Sprint em Projetos de Transforma\u00e7\u00e3o Digita<\/strong>l<\/p>\n\n\n\n<p><a href=\"https:\/\/www.escolavirtual.gov.br\/curso\/528\">https:\/\/www.escolavirtual.gov.br\/curso\/528<\/a><\/p>\n\n\n\n<p><strong>Internet of Things<\/strong>&nbsp;(IoT) aplicada para resolu\u00e7\u00e3o de desafios na Administra\u00e7\u00e3o P\u00fablica<\/p>\n\n\n\n<p><a href=\"https:\/\/www.escolavirtual.gov.br\/curso\/534\">https:\/\/www.escolavirtual.gov.br\/curso\/534<\/a><\/p>\n\n\n\n<p><strong>Abordagem Lean aplicada \u00e0 Transforma\u00e7\u00e3o Digital na Administra\u00e7\u00e3o P\u00fablic<\/strong>a<\/p>\n\n\n\n<p><a href=\"https:\/\/www.escolavirtual.gov.br\/curso\/524\">https:\/\/www.escolavirtual.gov.br\/curso\/524<\/a><\/p>\n\n\n\n<p><strong>Governan\u00e7a de Dados na Transforma\u00e7\u00e3o Digital<\/strong><\/p>\n\n\n\n<p><a href=\"https:\/\/www.escolavirtual.gov.br\/curso\/536\">https:\/\/www.escolavirtual.gov.br\/curso\/536<\/a><\/p>\n\n\n\n<p><strong>UX: Como Melhorar a Experi\u00eancia do Usu\u00e1rio no Servi\u00e7o P\u00fablico Digital<\/strong><\/p>\n\n\n\n<p><a href=\"https:\/\/www.escolavirtual.gov.br\/curso\/537\">https:\/\/www.escolavirtual.gov.br\/curso\/537<\/a><\/p>\n\n\n\n<p><br><br>Fonte: <a href=\"https:\/\/agenciabrasil.ebc.com.br\/economia\/noticia\/2022-06\/capacita-govbr-oferece-cursos-gratuitos-de-transformacao-digital\" target=\"_blank\" rel=\"noreferrer noopener\">Ag\u00eancia Brasil<\/a><\/p>\n","protected":false},"excerpt":{"rendered":"<p>Novo ambiente re\u00fane 74 cursos; seis s\u00e3o novos e t\u00eam inscri\u00e7\u00f5es abertas<\/p>\n","protected":false},"author":3,"featured_media":7603,"comment_status":"closed","ping_status":"closed","sticky":false,"template":"","format":"standard","meta":[],"categories":[2],"tags":[],"_links":{"self":[{"href":"https:\/\/www.confere.org.br\/wordpress\/wp-json\/wp\/v2\/posts\/7602"}],"collection":[{"href":"https:\/\/www.confere.org.br\/wordpress\/wp-json\/wp\/v2\/posts"}],"about":[{"href":"https:\/\/www.confere.org.br\/wordpress\/wp-json\/wp\/v2\/types\/post"}],"author":[{"embeddable":true,"href":"https:\/\/www.confere.org.br\/wordpress\/wp-json\/wp\/v2\/users\/3"}],"replies":[{"embeddable":true,"href":"https:\/\/www.confere.org.br\/wordpress\/wp-json\/wp\/v2\/comments?post=7602"}],"version-history":[{"count":1,"href":"https:\/\/www.confere.org.br\/wordpress\/wp-json\/wp\/v2\/posts\/7602\/revisions"}],"predecessor-version":[{"id":7604,"href":"https:\/\/www.confere.org.br\/wordpress\/wp-json\/wp\/v2\/posts\/7602\/revisions\/7604"}],"wp:featuredmedia":[{"embeddable":true,"href":"https:\/\/www.confere.org.br\/wordpress\/wp-json\/wp\/v2\/media\/7603"}],"wp:attachment":[{"href":"https:\/\/www.confere.org.br\/wordpress\/wp-json\/wp\/v2\/media?parent=7602"}],"wp:term":[{"taxonomy":"category","embeddable":true,"href":"https:\/\/www.confere.org.br\/wordpress\/wp-json\/wp\/v2\/categories?post=7602"},{"taxonomy":"post_tag","embeddable":true,"href":"https:\/\/www.confere.org.br\/wordpress\/wp-json\/wp\/v2\/tags?post=7602"}],"curies":[{"name":"wp","href":"https:\/\/api.w.org\/{rel}","templated":true}]}}