{"id":7605,"date":"2022-06-09T09:58:57","date_gmt":"2022-06-09T12:58:57","guid":{"rendered":"https:\/\/www.confere.org.br\/wordpress\/?p=7605"},"modified":"2022-06-09T09:58:58","modified_gmt":"2022-06-09T12:58:58","slug":"producao-industrial-cresce-em-8-de-15-locais-pesquisados-em-abril","status":"publish","type":"post","link":"https:\/\/www.confere.org.br\/wordpress\/producao-industrial-cresce-em-8-de-15-locais-pesquisados-em-abril\/","title":{"rendered":"Produ\u00e7\u00e3o industrial cresce em 8 de 15 locais pesquisados em abril"},"content":{"rendered":"\n<p>A&nbsp;<a href=\"https:\/\/g1.globo.com\/economia\/noticia\/2022\/06\/03\/producao-industrial-cresce-01percent-em-abril-aponta-ibge.ghtml\">alta de 0,1% na produ\u00e7\u00e3o industrial em abril<\/a>&nbsp;foi resultado da alta do setor em 8 dos 15 locais pesquisados pelo&nbsp;<a href=\"https:\/\/g1.globo.com\/tudo-sobre\/ibge\/\">Instituto Brasileiro de Geografia e Estat\u00edstica (IBGE)<\/a>, segundo dados divulgados nesta quinta-feira (9).<\/p>\n\n\n\n<p>Rio de Janeiro (5,9%), Santa Catarina (3,3%) e Bahia (3,0%) assinalaram as maiores altas, com o primeiro local intensificando o resultado positivo observado em mar\u00e7o \u00faltimo (2,3%); o segundo eliminando parte da queda de 3,5% verificada no m\u00eas anterior; e o \u00faltimo marcando o terceiro m\u00eas seguido de crescimento na produ\u00e7\u00e3o e acumulando ganho de 5,2% nesse per\u00edodo.<\/p>\n\n\n\n<p>As maiores altas foram registradas em Pernambuco (2,0%), Par\u00e1 (1,9%), Regi\u00e3o Nordeste (1,5%) e Rio Grande do Sul (0,5%). Houve alta tamb\u00e9m no Amazonas, de 0,1%.<\/p>\n\n\n\n<p>Na outra ponta, as maiores quedas foram registadas em Mato Grosso (-4,7%), no Paran\u00e1 (-4,3%) e em S\u00e3o Paulo (-2,8%). Houve recuos ainda no Cear\u00e1 (-1,5%), Esp\u00edrito Santo (-0,6%), Minas Gerais (-0,6%) e Goi\u00e1s (-0,5%).<br><\/p>\n\n\n\n<figure class=\"wp-block-image size-full\"><img width=\"677\" height=\"527\" src=\"https:\/\/www.confere.org.br\/wordpress\/wp-content\/uploads\/2022\/06\/image.png\" alt=\"\" class=\"wp-image-7606\" srcset=\"https:\/\/www.confere.org.br\/wordpress\/wp-content\/uploads\/2022\/06\/image.png 677w, https:\/\/www.confere.org.br\/wordpress\/wp-content\/uploads\/2022\/06\/image-300x234.png 300w\" sizes=\"(max-width: 677px) 100vw, 677px\" \/><\/figure>\n\n\n\n<h4><br>Acumulado do ano<\/h4>\n\n\n\n<p>No acumulado de 2022, a ind\u00fastria nacional aponta queda de 3,4%, segundo o&nbsp;<a href=\"https:\/\/g1.globo.com\/tudo-sobre\/ibge\/\">IBGE<\/a>.<\/p>\n\n\n\n<p>Nessa base, foram registrados recuos em 11 dos 15 locais pesquisados, com destaque para os recuos de 10,2% no Par\u00e1; 9% no Cear\u00e1; e de 8,1% em Santa Catarina.<\/p>\n\n\n\n<p>J\u00e1 as altas foram registradas em Mato Grosso (23,1%), Rio de Janeiro (6%), Bahia (5,2%) e Amazonas (0,5%).<\/p>\n\n\n\n<p><br><br>Fonte: <a href=\"https:\/\/g1.globo.com\/economia\/noticia\/2022\/06\/09\/producao-industrial-cresce-em-8-de-15-locais-pesquisados-em-abril.ghtml\" target=\"_blank\" rel=\"noreferrer noopener\">www.g1.globo.com<\/a><\/p>\n","protected":false},"excerpt":{"rendered":"<p>Maiores altas foram registradas no Rio de Janeiro (5,9%), Santa Catarina (3,3%) e Bahia (3%).<\/p>\n","protected":false},"author":3,"featured_media":5711,"comment_status":"closed","ping_status":"closed","sticky":false,"template":"","format":"standard","meta":[],"categories":[2],"tags":[],"_links":{"self":[{"href":"https:\/\/www.confere.org.br\/wordpress\/wp-json\/wp\/v2\/posts\/7605"}],"collection":[{"href":"https:\/\/www.confere.org.br\/wordpress\/wp-json\/wp\/v2\/posts"}],"about":[{"href":"https:\/\/www.confere.org.br\/wordpress\/wp-json\/wp\/v2\/types\/post"}],"author":[{"embeddable":true,"href":"https:\/\/www.confere.org.br\/wordpress\/wp-json\/wp\/v2\/users\/3"}],"replies":[{"embeddable":true,"href":"https:\/\/www.confere.org.br\/wordpress\/wp-json\/wp\/v2\/comments?post=7605"}],"version-history":[{"count":1,"href":"https:\/\/www.confere.org.br\/wordpress\/wp-json\/wp\/v2\/posts\/7605\/revisions"}],"predecessor-version":[{"id":7607,"href":"https:\/\/www.confere.org.br\/wordpress\/wp-json\/wp\/v2\/posts\/7605\/revisions\/7607"}],"wp:featuredmedia":[{"embeddable":true,"href":"https:\/\/www.confere.org.br\/wordpress\/wp-json\/wp\/v2\/media\/5711"}],"wp:attachment":[{"href":"https:\/\/www.confere.org.br\/wordpress\/wp-json\/wp\/v2\/media?parent=7605"}],"wp:term":[{"taxonomy":"category","embeddable":true,"href":"https:\/\/www.confere.org.br\/wordpress\/wp-json\/wp\/v2\/categories?post=7605"},{"taxonomy":"post_tag","embeddable":true,"href":"https:\/\/www.confere.org.br\/wordpress\/wp-json\/wp\/v2\/tags?post=7605"}],"curies":[{"name":"wp","href":"https:\/\/api.w.org\/{rel}","templated":true}]}}