{"id":7608,"date":"2022-06-10T13:54:22","date_gmt":"2022-06-10T16:54:22","guid":{"rendered":"https:\/\/www.confere.org.br\/wordpress\/?p=7608"},"modified":"2022-06-10T13:54:23","modified_gmt":"2022-06-10T16:54:23","slug":"comercio-varejista-cresce-09-em-abril","status":"publish","type":"post","link":"https:\/\/www.confere.org.br\/wordpress\/comercio-varejista-cresce-09-em-abril\/","title":{"rendered":"Com\u00e9rcio varejista cresce 0,9% em abril"},"content":{"rendered":"\n<p>O volume de vendas do com\u00e9rcio varejista do pa\u00eds cresceu 0,9% de mar\u00e7o para abril deste ano. Segundo dados da Pesquisa Mensal do Com\u00e9rcio (PMC), divulgados&nbsp;hoje&nbsp;(10) pelo Instituto Brasileiro de Geografia e Estat\u00edstica (IBGE), esta \u00e9 a&nbsp;quarta&nbsp;alta consecutiva do indicador.<img src=\"https:\/\/agenciabrasil.ebc.com.br\/ebc.png?id=1465011&amp;o=node\"><img src=\"https:\/\/agenciabrasil.ebc.com.br\/ebc.gif?id=1465011&amp;o=node\"><\/p>\n\n\n\n<p>Tamb\u00e9m foram registrados crescimentos na m\u00e9dia m\u00f3vel trimestral (1,2%), na compara\u00e7\u00e3o com abril de 2021 (4,5%), no acumulado do ano (2,3%) e no acumulado de 12 meses (0,8%).<\/p>\n\n\n\n<p>Quatro das oito atividades pesquisadas tiveram alta na passagem&nbsp;de mar\u00e7o para abril: m\u00f3veis e eletrodom\u00e9sticos (2,3%), tecidos, vestu\u00e1rio e cal\u00e7ados (1,7%), artigos farmac\u00eauticos, m\u00e9dicos, ortop\u00e9dicos e de perfumaria (0,4%) e outros artigos de uso pessoal e&nbsp;dom\u00e9stico (0,1%).<\/p>\n\n\n\n<p>Por outro lado, quatro atividades tiveram queda no volume de vendas: combust\u00edveis e lubrificantes (-0,1%), hiper, supermercados, produtos&nbsp;aliment\u00edcios, bebidas e fumo (-1,1%), livros, jornais, revistas e papelaria (-5,6%) e equipamentos e material para escrit\u00f3rio inform\u00e1tica e comunica\u00e7\u00e3o (-6,7%).<\/p>\n\n\n\n<p>A receita nominal do varejo cresceu 1,3% na compara\u00e7\u00e3o com mar\u00e7o, 22,3% em rela\u00e7\u00e3o a abril de 2021, 16,8% no acumulado do ano e 14,5% no acumulado de 12 meses.<\/p>\n\n\n\n<p>O&nbsp;varejo ampliado, que tamb\u00e9m mede as atividades de ve\u00edculos e materiais de constru\u00e7\u00e3o, cresceu 0,7% de mar\u00e7o para abril. Ve\u00edculos, motos, partes e pe\u00e7as recuaram 0,2% e material de constru\u00e7\u00e3o caiu 2%.<\/p>\n\n\n\n<p>O com\u00e9rcio varejista ampliado tamb\u00e9m cresceu 1,1% na m\u00e9dia m\u00f3vel trimestral, 1,5% na compara\u00e7\u00e3o com abril do ano passado, 1,4% no acumulado do ano e 2,2% no acumulado de 12 meses.<\/p>\n\n\n\n<p>A receita nominal do varejo ampliado apresentou altas na compara\u00e7\u00e3o com mar\u00e7o (1,3%), em rela\u00e7\u00e3o a abril de 2021 (18,7%), no acumulado do ano (16,5%) e no acumulado de 12 meses (16,8%).<\/p>\n\n\n\n<p><br><br>Fonte: <a href=\"https:\/\/agenciabrasil.ebc.com.br\/economia\/noticia\/2022-06\/comercio-varejista-cresce-09-em-abril\" target=\"_blank\" rel=\"noreferrer noopener\">Ag\u00eancia Brasil<\/a><\/p>\n","protected":false},"excerpt":{"rendered":"<p>\u00c9 a quarta alta consecutiva do indicador<\/p>\n","protected":false},"author":3,"featured_media":7609,"comment_status":"closed","ping_status":"closed","sticky":false,"template":"","format":"standard","meta":[],"categories":[2],"tags":[],"_links":{"self":[{"href":"https:\/\/www.confere.org.br\/wordpress\/wp-json\/wp\/v2\/posts\/7608"}],"collection":[{"href":"https:\/\/www.confere.org.br\/wordpress\/wp-json\/wp\/v2\/posts"}],"about":[{"href":"https:\/\/www.confere.org.br\/wordpress\/wp-json\/wp\/v2\/types\/post"}],"author":[{"embeddable":true,"href":"https:\/\/www.confere.org.br\/wordpress\/wp-json\/wp\/v2\/users\/3"}],"replies":[{"embeddable":true,"href":"https:\/\/www.confere.org.br\/wordpress\/wp-json\/wp\/v2\/comments?post=7608"}],"version-history":[{"count":1,"href":"https:\/\/www.confere.org.br\/wordpress\/wp-json\/wp\/v2\/posts\/7608\/revisions"}],"predecessor-version":[{"id":7610,"href":"https:\/\/www.confere.org.br\/wordpress\/wp-json\/wp\/v2\/posts\/7608\/revisions\/7610"}],"wp:featuredmedia":[{"embeddable":true,"href":"https:\/\/www.confere.org.br\/wordpress\/wp-json\/wp\/v2\/media\/7609"}],"wp:attachment":[{"href":"https:\/\/www.confere.org.br\/wordpress\/wp-json\/wp\/v2\/media?parent=7608"}],"wp:term":[{"taxonomy":"category","embeddable":true,"href":"https:\/\/www.confere.org.br\/wordpress\/wp-json\/wp\/v2\/categories?post=7608"},{"taxonomy":"post_tag","embeddable":true,"href":"https:\/\/www.confere.org.br\/wordpress\/wp-json\/wp\/v2\/tags?post=7608"}],"curies":[{"name":"wp","href":"https:\/\/api.w.org\/{rel}","templated":true}]}}