{"id":7619,"date":"2022-06-13T16:33:24","date_gmt":"2022-06-13T19:33:24","guid":{"rendered":"https:\/\/www.confere.org.br\/wordpress\/?p=7619"},"modified":"2022-06-13T16:33:26","modified_gmt":"2022-06-13T19:33:26","slug":"producao-de-motocicletas-tem-melhor-resultado-em-7-anos","status":"publish","type":"post","link":"https:\/\/www.confere.org.br\/wordpress\/producao-de-motocicletas-tem-melhor-resultado-em-7-anos\/","title":{"rendered":"Produ\u00e7\u00e3o de motocicletas tem melhor resultado em 7 anos"},"content":{"rendered":"\n<p>Nos cinco primeiros meses do ano, a produ\u00e7\u00e3o de motocicletas cresceu 22,9% em compara\u00e7\u00e3o ao mesmo per\u00edodo do ano passado, com a fabrica\u00e7\u00e3o de 569.598 unidades, informou hoje (13) a Associa\u00e7\u00e3o Brasileira dos Fabricantes de Motocicletas, Ciclomotores, Motonetas, Bicicletas e Similares (Abraciclo). Segundo a associa\u00e7\u00e3o, esse foi o melhor desempenho para o per\u00edodo desde 2015.<img src=\"https:\/\/agenciabrasil.ebc.com.br\/ebc.png?id=1465489&amp;o=node\"><img src=\"https:\/\/agenciabrasil.ebc.com.br\/ebc.gif?id=1465489&amp;o=node\"><\/p>\n\n\n\n<p>O resultado tamb\u00e9m foi positivo na compara\u00e7\u00e3o com maio, quando foram produzidas 129.781 motocicletas, o que representou alta de 15,2% em compara\u00e7\u00e3o a abril. Na compara\u00e7\u00e3o anual em rela\u00e7\u00e3o a maio do ano passado, a alta foi de 25%.<\/p>\n\n\n\n<p>Em rela\u00e7\u00e3o \u00e0s vendas de motocicletas no varejo, a alta foi de 25,6% no acumulado do ano, totalizando 515.724 unidades comercializadas. Considerando-se apenas o m\u00eas de maio, os emplacamentos registraram o melhor resultado do ano, com o licenciamento de 133.344 unidades, alta de 23,8% em rela\u00e7\u00e3o a abril e de 20,8% em rela\u00e7\u00e3o a maio do ano passado. De acordo com a Abraciclo, esse foi o melhor desempenho para um m\u00eas de maio desde 2012.<\/p>\n\n\n\n<p>A maior parte dos emplacamentos de motocicletas nos cinco primeiros meses desse ano ocorreu na Regi\u00e3o Sudeste (38,6% do total), seguida pelo Nordeste (30,1%).<\/p>\n\n\n\n<h4><br>Exporta\u00e7\u00f5es<\/h4>\n\n\n\n<p>De janeiro e maio deste ano foram exportadas 20.523 motocicletas, o que representou queda de 6,1% em compara\u00e7\u00e3o ao mesmo per\u00edodo do ano passado. Considerando-se apenas o m\u00eas de maio, as exporta\u00e7\u00f5es cresceram 51,8% na compara\u00e7\u00e3o com abril, com o volume de 5.990 ve\u00edculos negociados.<\/p>\n\n\n\n<p><br><br>Fonte: <a href=\"https:\/\/agenciabrasil.ebc.com.br\/economia\/noticia\/2022-06\/producao-de-motocicletas-tem-melhor-resultado-em-7-anos\" target=\"_blank\" rel=\"noreferrer noopener\">Ag\u00eancia Brasil<\/a><\/p>\n","protected":false},"excerpt":{"rendered":"<p>Foram fabricadas 569.598 unidades at\u00e9 maio<\/p>\n","protected":false},"author":3,"featured_media":7620,"comment_status":"closed","ping_status":"closed","sticky":false,"template":"","format":"standard","meta":[],"categories":[2],"tags":[],"_links":{"self":[{"href":"https:\/\/www.confere.org.br\/wordpress\/wp-json\/wp\/v2\/posts\/7619"}],"collection":[{"href":"https:\/\/www.confere.org.br\/wordpress\/wp-json\/wp\/v2\/posts"}],"about":[{"href":"https:\/\/www.confere.org.br\/wordpress\/wp-json\/wp\/v2\/types\/post"}],"author":[{"embeddable":true,"href":"https:\/\/www.confere.org.br\/wordpress\/wp-json\/wp\/v2\/users\/3"}],"replies":[{"embeddable":true,"href":"https:\/\/www.confere.org.br\/wordpress\/wp-json\/wp\/v2\/comments?post=7619"}],"version-history":[{"count":1,"href":"https:\/\/www.confere.org.br\/wordpress\/wp-json\/wp\/v2\/posts\/7619\/revisions"}],"predecessor-version":[{"id":7621,"href":"https:\/\/www.confere.org.br\/wordpress\/wp-json\/wp\/v2\/posts\/7619\/revisions\/7621"}],"wp:featuredmedia":[{"embeddable":true,"href":"https:\/\/www.confere.org.br\/wordpress\/wp-json\/wp\/v2\/media\/7620"}],"wp:attachment":[{"href":"https:\/\/www.confere.org.br\/wordpress\/wp-json\/wp\/v2\/media?parent=7619"}],"wp:term":[{"taxonomy":"category","embeddable":true,"href":"https:\/\/www.confere.org.br\/wordpress\/wp-json\/wp\/v2\/categories?post=7619"},{"taxonomy":"post_tag","embeddable":true,"href":"https:\/\/www.confere.org.br\/wordpress\/wp-json\/wp\/v2\/tags?post=7619"}],"curies":[{"name":"wp","href":"https:\/\/api.w.org\/{rel}","templated":true}]}}