{"id":7622,"date":"2022-06-14T10:06:18","date_gmt":"2022-06-14T13:06:18","guid":{"rendered":"https:\/\/www.confere.org.br\/wordpress\/?p=7622"},"modified":"2022-06-14T14:53:50","modified_gmt":"2022-06-14T17:53:50","slug":"setor-de-servicos-cresce-02-em-abril-aponta-ibge","status":"publish","type":"post","link":"https:\/\/www.confere.org.br\/wordpress\/setor-de-servicos-cresce-02-em-abril-aponta-ibge\/","title":{"rendered":"Volume de servi\u00e7os cresce 0,2% de mar\u00e7o para abril, diz IBGE"},"content":{"rendered":"\n<p>O volume de servi\u00e7os no Brasil apresentou um crescimento de 0,2% de mar\u00e7o para abril deste ano. Esta \u00e9 a&nbsp;segunda&nbsp;alta consecutiva do indicador, medido pela Pesquisa Mensal de Servi\u00e7os (PMS), do Instituto Brasileiro de Geografia e Estat\u00edstica (IBGE).<img src=\"https:\/\/agenciabrasil.ebc.com.br\/ebc.png?id=1465614&amp;o=node\"><img src=\"https:\/\/agenciabrasil.ebc.com.br\/ebc.gif?id=1465614&amp;o=node\"><\/p>\n\n\n\n<p>Com o resultado, os servi\u00e7os est\u00e3o 7,2% acima do n\u00edvel&nbsp;de fevereiro&nbsp;de 2020, ou seja, do patamar pr\u00e9-pandemia, mas ainda se encontram 4,2% abaixo&nbsp;de novembro&nbsp;de 2014, o ponto mais alto da s\u00e9rie hist\u00f3rica.<\/p>\n\n\n\n<p>Os servi\u00e7os tamb\u00e9m apresentaram altas de 9,4% em rela\u00e7\u00e3o a abril de 2021, de 9,5% no acumulado do ano e de 12,8% no acumulado de 12 meses.<\/p>\n\n\n\n<p>A alta de 0,2% na passagem&nbsp;de mar\u00e7o para abril foi puxada por duas das cinco atividades pesquisadas: informa\u00e7\u00e3o e comunica\u00e7\u00e3o (0,7%) e servi\u00e7os prestados \u00e0s fam\u00edlias (1,9%).<\/p>\n\n\n\n<p>Por outro lado, tr\u00eas atividades tiveram queda no per\u00edodo: transportes (-1,7%), profissionais, administrativos e complementares (-0,6%) e outros servi\u00e7os (-1,6%).<\/p>\n\n\n\n<p>O \u00edndice de atividades tur\u00edsticas cresceu 2,5% em abril ante mar\u00e7o. Com isso, o segmento de turismo se encontra 3,4% abaixo do patamar pr\u00e9-pandemia.<\/p>\n\n\n\n<p>A receita nominal dos servi\u00e7os cresceu 0,9% de mar\u00e7o para abril, 16,5% na compara\u00e7\u00e3o com abril de 2021, 15,7% no acumulado do ano e 17,8% no acumulado de 12 meses.<\/p>\n\n\n\n<p><br><br>Fonte: <a href=\"https:\/\/agenciabrasil.ebc.com.br\/economia\/noticia\/2022-06\/volume-de-servicos-cresce-02-de-marco-para-abril-diz-ibge\" target=\"_blank\" rel=\"noreferrer noopener\">Ag\u00eancia Brasil<\/a><\/p>\n","protected":false},"excerpt":{"rendered":"<p>\u00c9 a segunda alta consecutiva do indicador<\/p>\n","protected":false},"author":3,"featured_media":7634,"comment_status":"closed","ping_status":"closed","sticky":false,"template":"","format":"standard","meta":[],"categories":[2],"tags":[],"_links":{"self":[{"href":"https:\/\/www.confere.org.br\/wordpress\/wp-json\/wp\/v2\/posts\/7622"}],"collection":[{"href":"https:\/\/www.confere.org.br\/wordpress\/wp-json\/wp\/v2\/posts"}],"about":[{"href":"https:\/\/www.confere.org.br\/wordpress\/wp-json\/wp\/v2\/types\/post"}],"author":[{"embeddable":true,"href":"https:\/\/www.confere.org.br\/wordpress\/wp-json\/wp\/v2\/users\/3"}],"replies":[{"embeddable":true,"href":"https:\/\/www.confere.org.br\/wordpress\/wp-json\/wp\/v2\/comments?post=7622"}],"version-history":[{"count":2,"href":"https:\/\/www.confere.org.br\/wordpress\/wp-json\/wp\/v2\/posts\/7622\/revisions"}],"predecessor-version":[{"id":7635,"href":"https:\/\/www.confere.org.br\/wordpress\/wp-json\/wp\/v2\/posts\/7622\/revisions\/7635"}],"wp:featuredmedia":[{"embeddable":true,"href":"https:\/\/www.confere.org.br\/wordpress\/wp-json\/wp\/v2\/media\/7634"}],"wp:attachment":[{"href":"https:\/\/www.confere.org.br\/wordpress\/wp-json\/wp\/v2\/media?parent=7622"}],"wp:term":[{"taxonomy":"category","embeddable":true,"href":"https:\/\/www.confere.org.br\/wordpress\/wp-json\/wp\/v2\/categories?post=7622"},{"taxonomy":"post_tag","embeddable":true,"href":"https:\/\/www.confere.org.br\/wordpress\/wp-json\/wp\/v2\/tags?post=7622"}],"curies":[{"name":"wp","href":"https:\/\/api.w.org\/{rel}","templated":true}]}}