{"id":7636,"date":"2022-06-14T15:58:02","date_gmt":"2022-06-14T18:58:02","guid":{"rendered":"https:\/\/www.confere.org.br\/wordpress\/?p=7636"},"modified":"2022-06-14T15:58:03","modified_gmt":"2022-06-14T18:58:03","slug":"micro-e-pequenos-empresarios-mantem-otimismo-pelo-quarto-mes-seguido","status":"publish","type":"post","link":"https:\/\/www.confere.org.br\/wordpress\/micro-e-pequenos-empresarios-mantem-otimismo-pelo-quarto-mes-seguido\/","title":{"rendered":"Micro e pequenos empres\u00e1rios mant\u00eam otimismo pelo quarto m\u00eas seguido"},"content":{"rendered":"\n<p>O otimismo dos donos de micro e pequenas empresas segue em alta pelo quarto m\u00eas consecutivo. De acordo com o&nbsp;Servi\u00e7o Brasileiro de Apoio \u00e0s Micro e Pequenas Empresas (Sebrae), o \u00edndice de confian\u00e7a do micro e pequeno empres\u00e1rio (IC-MPE) avan\u00e7ou 1,8 ponto em maio, chegando a 98,1 pontos, o maior n\u00edvel desde outubro de 2021, quando indicou 98,9 pontos. Os dados fazem parte da&nbsp;Sondagem Econ\u00f4mica das Micro e Pequenas Empresas, realizada em parceria com a Funda\u00e7\u00e3o Getulio Vargas (FGV).<img src=\"https:\/\/agenciabrasil.ebc.com.br\/ebc.png?id=1465685&amp;o=node\"><img src=\"https:\/\/agenciabrasil.ebc.com.br\/ebc.gif?id=1465685&amp;o=node\"><\/p>\n\n\n\n<p>Na avalia\u00e7\u00e3o do Sebrae, a maior circula\u00e7\u00e3o de pessoas, ap\u00f3s dois anos de confinamento em raz\u00e3o da pandemia de covid-19, a melhora no desempenho das vendas, bem como a prorroga\u00e7\u00e3o do Programa Nacional de Apoio \u00e0s Microempresas e Empresas de Pequeno Porte (Pronampe) at\u00e9 2024, pesaram na percep\u00e7\u00e3o positiva dos empres\u00e1rios.<\/p>\n\n\n\n<p>\u201cA cont\u00ednua recupera\u00e7\u00e3o da confian\u00e7a foi observada em todos os setores pesquisados: com\u00e9rcio, servi\u00e7os e ind\u00fastria de transforma\u00e7\u00e3o\u201d, disse o Sebrae.<\/p>\n\n\n\n<p>Entre os setores, o com\u00e9rcio foi o que obteve mais destaque. Ap\u00f3s registrar queda em abril, a confian\u00e7as dos empres\u00e1rios desse segmento voltou a subir em maio. O \u00edndice apresentou eleva\u00e7\u00e3o de 5,5 pontos, fechando o m\u00eas em 91,4 pontos, o maior n\u00edvel desde outubro de 2021 (92,9 pontos).<\/p>\n\n\n\n<p>No setor de servi\u00e7os, a atividade de transporte foi a que mais&nbsp;se destacou. Outro setor que ganhou espa\u00e7o foi o de servi\u00e7os profissionais e servi\u00e7os prestados \u00e0s fam\u00edlias. J\u00e1 a ind\u00fastria de transforma\u00e7\u00e3o se manteve em um patamar neutro, mas&nbsp;com destaque para o vestu\u00e1rio que trouxe um \u00edndice de confian\u00e7a positivo.<\/p>\n\n\n\n<p>De acordo com o presidente do Sebrae, Carlos Melles, o \u00e2nimo dos empres\u00e1rios foi influenciado tanto pela situa\u00e7\u00e3o atual quanto pelas expectativas de curto prazo. Melles, entretanto, pondera que ainda \u00e9 preciso&nbsp;ter&nbsp;cautela.<\/p>\n\n\n\n<p>\u201cMesmo com esse cen\u00e1rio de melhora no \u00e2nimo por parte das empresas, a parcim\u00f4nia tem sempre que prevalecer, j\u00e1 que ainda enfrentamos problemas conjunturais, como a escassez de insumos, progn\u00f3sticos de alta de infla\u00e7\u00e3o e taxas de juros\u201d, argumentou.<\/p>\n\n\n\n<p><br><br>Fonte: <a href=\"https:\/\/agenciabrasil.ebc.com.br\/economia\/noticia\/2022-06\/micro-e-pequenos-empresarios-mantem-otimismo-pelo-quarto-mes-seguido\" target=\"_blank\" rel=\"noreferrer noopener\">Ag\u00eancia Brasil<\/a><\/p>\n","protected":false},"excerpt":{"rendered":"<p>Dados fazem parte da Sondagem Econ\u00f4mica das Micro e Pequenas Empresas<\/p>\n","protected":false},"author":3,"featured_media":4131,"comment_status":"closed","ping_status":"closed","sticky":false,"template":"","format":"standard","meta":[],"categories":[2],"tags":[],"_links":{"self":[{"href":"https:\/\/www.confere.org.br\/wordpress\/wp-json\/wp\/v2\/posts\/7636"}],"collection":[{"href":"https:\/\/www.confere.org.br\/wordpress\/wp-json\/wp\/v2\/posts"}],"about":[{"href":"https:\/\/www.confere.org.br\/wordpress\/wp-json\/wp\/v2\/types\/post"}],"author":[{"embeddable":true,"href":"https:\/\/www.confere.org.br\/wordpress\/wp-json\/wp\/v2\/users\/3"}],"replies":[{"embeddable":true,"href":"https:\/\/www.confere.org.br\/wordpress\/wp-json\/wp\/v2\/comments?post=7636"}],"version-history":[{"count":1,"href":"https:\/\/www.confere.org.br\/wordpress\/wp-json\/wp\/v2\/posts\/7636\/revisions"}],"predecessor-version":[{"id":7637,"href":"https:\/\/www.confere.org.br\/wordpress\/wp-json\/wp\/v2\/posts\/7636\/revisions\/7637"}],"wp:featuredmedia":[{"embeddable":true,"href":"https:\/\/www.confere.org.br\/wordpress\/wp-json\/wp\/v2\/media\/4131"}],"wp:attachment":[{"href":"https:\/\/www.confere.org.br\/wordpress\/wp-json\/wp\/v2\/media?parent=7636"}],"wp:term":[{"taxonomy":"category","embeddable":true,"href":"https:\/\/www.confere.org.br\/wordpress\/wp-json\/wp\/v2\/categories?post=7636"},{"taxonomy":"post_tag","embeddable":true,"href":"https:\/\/www.confere.org.br\/wordpress\/wp-json\/wp\/v2\/tags?post=7636"}],"curies":[{"name":"wp","href":"https:\/\/api.w.org\/{rel}","templated":true}]}}