{"id":7668,"date":"2022-06-23T11:11:35","date_gmt":"2022-06-23T14:11:35","guid":{"rendered":"https:\/\/www.confere.org.br\/wordpress\/?p=7668"},"modified":"2022-06-23T14:04:13","modified_gmt":"2022-06-23T17:04:13","slug":"dispensa-eletronica-no-001-2022-aquisicao-de-acumulador-de-tensao-nobreak-para-rack-com-instalacao-2","status":"publish","type":"post","link":"https:\/\/www.confere.org.br\/wordpress\/dispensa-eletronica-no-001-2022-aquisicao-de-acumulador-de-tensao-nobreak-para-rack-com-instalacao-2\/","title":{"rendered":"Dispensa Eletr\u00f4nica n\u00ba 001\/2022 \u2013 Aquisi\u00e7\u00e3o de acumulador de tens\u00e3o (Nobreak) para rack, com instala\u00e7\u00e3o"},"content":{"rendered":"\n<p><a rel=\"noreferrer noopener\" href=\"https:\/\/www.confere.org.br\/wordpress\/wp-content\/uploads\/2022\/03\/REGRAS-GERAIS-DISPENSA-ELETRONICA.pdf\" target=\"_blank\">REGRAS GERAIS &#8211; DISPENSA ELETR\u00d4NICA<\/a><\/p>\n\n\n\n<p><a rel=\"noreferrer noopener\" href=\"https:\/\/www.confere.org.br\/wordpress\/wp-content\/uploads\/2022\/03\/ANEXO-I-TERMO-DE-REFERENCIA-NoBreak-para-Servidor.pdf\" target=\"_blank\">TERMO DE REFER\u00caNCIA<\/a><\/p>\n\n\n\n<p>LINK PNCP:&nbsp;&nbsp;<a rel=\"noreferrer noopener\" href=\"https:\/\/pncp.gov.br\/editais\/34046367000168\/2022\/1\" target=\"_blank\">https:\/\/pncp.gov.br\/editais\/34046367000168\/2022\/1<\/a><\/p>\n\n\n\n<p>28\/04\/2022 &#8211; <a rel=\"noreferrer noopener\" href=\"https:\/\/www.confere.org.br\/wordpress\/wp-content\/uploads\/2022\/04\/relatorio_dispensa.pdf\" target=\"_blank\">RELAT\u00d3RIO HOMOLOGADO<\/a><\/p>\n","protected":false},"excerpt":{"rendered":"<p>REGRAS GERAIS &#8211; DISPENSA ELETR\u00d4NICA TERMO DE REFER\u00caNCIA LINK PNCP:&nbsp;&nbsp;https:\/\/pncp.gov.br\/editais\/34046367000168\/2022\/1 28\/04\/2022 &#8211; RELAT\u00d3RIO HOMOLOGADO<\/p>\n","protected":false},"author":3,"featured_media":0,"comment_status":"closed","ping_status":"closed","sticky":false,"template":"","format":"standard","meta":[],"categories":[60],"tags":[],"_links":{"self":[{"href":"https:\/\/www.confere.org.br\/wordpress\/wp-json\/wp\/v2\/posts\/7668"}],"collection":[{"href":"https:\/\/www.confere.org.br\/wordpress\/wp-json\/wp\/v2\/posts"}],"about":[{"href":"https:\/\/www.confere.org.br\/wordpress\/wp-json\/wp\/v2\/types\/post"}],"author":[{"embeddable":true,"href":"https:\/\/www.confere.org.br\/wordpress\/wp-json\/wp\/v2\/users\/3"}],"replies":[{"embeddable":true,"href":"https:\/\/www.confere.org.br\/wordpress\/wp-json\/wp\/v2\/comments?post=7668"}],"version-history":[{"count":2,"href":"https:\/\/www.confere.org.br\/wordpress\/wp-json\/wp\/v2\/posts\/7668\/revisions"}],"predecessor-version":[{"id":7670,"href":"https:\/\/www.confere.org.br\/wordpress\/wp-json\/wp\/v2\/posts\/7668\/revisions\/7670"}],"wp:attachment":[{"href":"https:\/\/www.confere.org.br\/wordpress\/wp-json\/wp\/v2\/media?parent=7668"}],"wp:term":[{"taxonomy":"category","embeddable":true,"href":"https:\/\/www.confere.org.br\/wordpress\/wp-json\/wp\/v2\/categories?post=7668"},{"taxonomy":"post_tag","embeddable":true,"href":"https:\/\/www.confere.org.br\/wordpress\/wp-json\/wp\/v2\/tags?post=7668"}],"curies":[{"name":"wp","href":"https:\/\/api.w.org\/{rel}","templated":true}]}}