{"id":7678,"date":"2022-06-24T19:57:59","date_gmt":"2022-06-24T22:57:59","guid":{"rendered":"https:\/\/www.confere.org.br\/wordpress\/?p=7678"},"modified":"2022-06-27T08:32:22","modified_gmt":"2022-06-27T11:32:22","slug":"quem-ve-cara-nao-ve-core","status":"publish","type":"post","link":"https:\/\/www.confere.org.br\/wordpress\/quem-ve-cara-nao-ve-core\/","title":{"rendered":"Quem v\u00ea cara, n\u00e3o v\u00ea Core"},"content":{"rendered":"\n<p>\u00c9 sempre bom lembrar:<\/p>\n\n\n\n<p>&#8211; Uma das principais fun\u00e7\u00f5es dos Cores \u00e9 fiscalizar o mercado para proteger a sociedade, punindo profissionais que tentam atuar como Representantes Comerciais ilegalmente, sem registro em dia.<\/p>\n\n\n\n<p>&#8211; A ind\u00fastria \u00e9 vedada por lei de contratar Representantes Comerciais n\u00e3o registrados ou com registro vencido.<\/p>\n\n\n\n<p>Fale com o <a href=\"https:\/\/www.confere.org.br\/enderecos.php\" target=\"_blank\" rel=\"noreferrer noopener\">Core do seu estado <\/a>e habilite-se para trabalhar! <\/p>\n\n\n\n<p><\/p>\n","protected":false},"excerpt":{"rendered":"<p>E, a\u00ed? Voc\u00ea j\u00e1 est\u00e1 habilitado e pode dizer que \u00e9 um RC legalizado? Ou vive sonhando em ser um Representante Comercial que movimenta as vendas da sua \u00e1rea, mas fica s\u00f3 deixando o tempo e as oportunidades passarem? Fa\u00e7a ou reative o seu registro e fique tranquilo para atuar na \u00e1rea.<\/p>\n","protected":false},"author":3,"featured_media":7679,"comment_status":"closed","ping_status":"closed","sticky":false,"template":"","format":"standard","meta":[],"categories":[34,49],"tags":[],"_links":{"self":[{"href":"https:\/\/www.confere.org.br\/wordpress\/wp-json\/wp\/v2\/posts\/7678"}],"collection":[{"href":"https:\/\/www.confere.org.br\/wordpress\/wp-json\/wp\/v2\/posts"}],"about":[{"href":"https:\/\/www.confere.org.br\/wordpress\/wp-json\/wp\/v2\/types\/post"}],"author":[{"embeddable":true,"href":"https:\/\/www.confere.org.br\/wordpress\/wp-json\/wp\/v2\/users\/3"}],"replies":[{"embeddable":true,"href":"https:\/\/www.confere.org.br\/wordpress\/wp-json\/wp\/v2\/comments?post=7678"}],"version-history":[{"count":2,"href":"https:\/\/www.confere.org.br\/wordpress\/wp-json\/wp\/v2\/posts\/7678\/revisions"}],"predecessor-version":[{"id":7684,"href":"https:\/\/www.confere.org.br\/wordpress\/wp-json\/wp\/v2\/posts\/7678\/revisions\/7684"}],"wp:featuredmedia":[{"embeddable":true,"href":"https:\/\/www.confere.org.br\/wordpress\/wp-json\/wp\/v2\/media\/7679"}],"wp:attachment":[{"href":"https:\/\/www.confere.org.br\/wordpress\/wp-json\/wp\/v2\/media?parent=7678"}],"wp:term":[{"taxonomy":"category","embeddable":true,"href":"https:\/\/www.confere.org.br\/wordpress\/wp-json\/wp\/v2\/categories?post=7678"},{"taxonomy":"post_tag","embeddable":true,"href":"https:\/\/www.confere.org.br\/wordpress\/wp-json\/wp\/v2\/tags?post=7678"}],"curies":[{"name":"wp","href":"https:\/\/api.w.org\/{rel}","templated":true}]}}