{"id":7776,"date":"2022-07-06T15:28:15","date_gmt":"2022-07-06T18:28:15","guid":{"rendered":"https:\/\/www.confere.org.br\/wordpress\/?p=7776"},"modified":"2022-07-22T15:46:18","modified_gmt":"2022-07-22T18:46:18","slug":"dispensa-eletronica-no-017-2022-aquisicao-de-cafe","status":"publish","type":"post","link":"https:\/\/www.confere.org.br\/wordpress\/dispensa-eletronica-no-017-2022-aquisicao-de-cafe\/","title":{"rendered":"Dispensa Eletr\u00f4nica n\u00ba 017\/2022 \u2013 Aquisi\u00e7\u00e3o de Caf\u00e9"},"content":{"rendered":"\n<ul><li><a rel=\"noreferrer noopener\" href=\"https:\/\/www.confere.org.br\/wordpress\/wp-content\/uploads\/2022\/07\/TR-CAFE.pdf\" target=\"_blank\">Termo de Refer\u00eancia<\/a><\/li><li>Link PNCP:\u00a0<a rel=\"noreferrer noopener\" href=\"https:\/\/pncp.gov.br\/app\/editais\/34046367000168\/2022\/16\" target=\"_blank\">https:\/\/pncp.gov.br\/app\/editais\/34046367000168\/2022\/16<\/a><\/li><li>22\/07\/2022 &#8211; <a href=\"https:\/\/www.confere.org.br\/wordpress\/wp-content\/uploads\/2022\/07\/relatorio_dispensa_389047_172022.pdf\" target=\"_blank\" rel=\"noreferrer noopener\">RELAT\u00d3RIO\u00a0HOMOLOGADO<\/a><\/li><\/ul>\n","protected":false},"excerpt":{"rendered":"<p>Termo de Refer\u00eancia Link PNCP:\u00a0https:\/\/pncp.gov.br\/app\/editais\/34046367000168\/2022\/16 22\/07\/2022 &#8211; RELAT\u00d3RIO\u00a0HOMOLOGADO<\/p>\n","protected":false},"author":3,"featured_media":0,"comment_status":"closed","ping_status":"closed","sticky":false,"template":"","format":"standard","meta":[],"categories":[60],"tags":[],"_links":{"self":[{"href":"https:\/\/www.confere.org.br\/wordpress\/wp-json\/wp\/v2\/posts\/7776"}],"collection":[{"href":"https:\/\/www.confere.org.br\/wordpress\/wp-json\/wp\/v2\/posts"}],"about":[{"href":"https:\/\/www.confere.org.br\/wordpress\/wp-json\/wp\/v2\/types\/post"}],"author":[{"embeddable":true,"href":"https:\/\/www.confere.org.br\/wordpress\/wp-json\/wp\/v2\/users\/3"}],"replies":[{"embeddable":true,"href":"https:\/\/www.confere.org.br\/wordpress\/wp-json\/wp\/v2\/comments?post=7776"}],"version-history":[{"count":5,"href":"https:\/\/www.confere.org.br\/wordpress\/wp-json\/wp\/v2\/posts\/7776\/revisions"}],"predecessor-version":[{"id":8103,"href":"https:\/\/www.confere.org.br\/wordpress\/wp-json\/wp\/v2\/posts\/7776\/revisions\/8103"}],"wp:attachment":[{"href":"https:\/\/www.confere.org.br\/wordpress\/wp-json\/wp\/v2\/media?parent=7776"}],"wp:term":[{"taxonomy":"category","embeddable":true,"href":"https:\/\/www.confere.org.br\/wordpress\/wp-json\/wp\/v2\/categories?post=7776"},{"taxonomy":"post_tag","embeddable":true,"href":"https:\/\/www.confere.org.br\/wordpress\/wp-json\/wp\/v2\/tags?post=7776"}],"curies":[{"name":"wp","href":"https:\/\/api.w.org\/{rel}","templated":true}]}}