{"id":7783,"date":"2022-07-07T08:33:26","date_gmt":"2022-07-07T11:33:26","guid":{"rendered":"https:\/\/www.confere.org.br\/wordpress\/?p=7783"},"modified":"2022-07-07T19:48:10","modified_gmt":"2022-07-07T22:48:10","slug":"duas-grandes-conquistas-para-os-representantes-comerciais","status":"publish","type":"post","link":"https:\/\/www.confere.org.br\/wordpress\/duas-grandes-conquistas-para-os-representantes-comerciais\/","title":{"rendered":"Duas grandes conquistas para os representantes comerciais:"},"content":{"rendered":"\n<p>Ap\u00f3s intensa articula\u00e7\u00e3o e empenho deste Conselho Federal e dos Conselhos Regionais dos Representantes Comerciais (Cores), foi aprovado no <strong>Senado<\/strong> <strong>Federal<\/strong>, com 70 votos, o PLS n\u00ba 5\/2015, do senador Paulo Paim (PT-RS), com relatoria do senador Wellington Fagundes (PL-MT), que altera o enquadramento dos representantes comerciais no Simples Nacional, para reduzir a carga tribut\u00e1ria da atividade da Representa\u00e7\u00e3o Comercial.<\/p>\n\n\n\n<p> &#8220;<em>\u00c9 um momento memor\u00e1vel para a Representa\u00e7\u00e3o Comercial no Pa\u00eds. Estamos todos juntos e engajados nos projetos de lei de interesse dos representantes comerciais: governo, oposi\u00e7\u00e3o, senadores, deputados, dirigentes do Sistema Confere\/Cores, da CNC, Federa\u00e7\u00f5es e sindicatos empenhados em fomentar um ambiente mais favor\u00e1vel aos representantes comerciais, mostrar a nossa relev\u00e2ncia econ\u00f4mica e a import\u00e2ncia da Representa\u00e7\u00e3o Comercial no desenvolvimento do Brasil<\/em>&#8220;, destacou o diretor-presidente do Confere, Archimedes Cavalcanti J\u00fanior. <\/p>\n\n\n\n<p>O projeto (<a href=\"https:\/\/www25.senado.leg.br\/web\/atividade\/materias\/-\/materia\/119590\" target=\"_blank\" rel=\"noreferrer noopener\">PLS 5\/2015<\/a>) do senador Paulo Paim reduz o pagamento de impostos para representantes comerciais e demais prestadores de servi\u00e7os a terceiros, que passam a ser tributadas entre 6% a 17,42% e n\u00e3o mais na faixa de 16,93% a 22,45%.<\/p>\n\n\n\n<p>Paulo Paim argumentou que o novo enquadramento vai tornar o Super Simples atrativo.<\/p>\n\n\n\n<p>J\u00e1 o relator, senador Wellington Fagundes (PL-MT), considera que o projeto \u00e9 um alento para essas categorias.<\/p>\n\n\n\n<p>Na <strong>C\u00e2mara Federal<\/strong>, o deputado Luis Miranda (REPUBLIC-DF) fez a relatoria favor\u00e1vel \u00e0 isen\u00e7\u00e3o de IPI para o representante comercial na aquisi\u00e7\u00e3o de ve\u00edculos, no <a href=\"https:\/\/www.camara.leg.br\/proposicoesWeb\/fichadetramitacao?idProposicao=2192593\" target=\"_blank\" rel=\"noreferrer noopener\">PL 981\/2019.<\/a><\/p>\n\n\n\n<p><a rel=\"noreferrer noopener\" href=\"https:\/\/www.confere.org.br\/wordpress\/wp-content\/uploads\/2022\/07\/Parecer-CFT-04-07-2022-2.pdf\" target=\"_blank\">Clique aqui e leia na \u00edntegra o parecer.<\/a><\/p>\n\n\n\n<p><\/p>\n\n\n\n<p>Fontes consultadas: Ag\u00eancia Senado e C\u00e2mara dos Deputados<\/p>\n","protected":false},"excerpt":{"rendered":"<p>Senado aprova benef\u00edcio tribut\u00e1rio para representantes comerciais e na C\u00e2mara, o deputado Luis Miranda fez a relatoria favor\u00e1vel \u00e0 isen\u00e7\u00e3o de IPI para o representante comercial na aquisi\u00e7\u00e3o de ve\u00edculos<\/p>\n","protected":false},"author":3,"featured_media":5525,"comment_status":"closed","ping_status":"closed","sticky":false,"template":"","format":"standard","meta":[],"categories":[34,49,17],"tags":[],"_links":{"self":[{"href":"https:\/\/www.confere.org.br\/wordpress\/wp-json\/wp\/v2\/posts\/7783"}],"collection":[{"href":"https:\/\/www.confere.org.br\/wordpress\/wp-json\/wp\/v2\/posts"}],"about":[{"href":"https:\/\/www.confere.org.br\/wordpress\/wp-json\/wp\/v2\/types\/post"}],"author":[{"embeddable":true,"href":"https:\/\/www.confere.org.br\/wordpress\/wp-json\/wp\/v2\/users\/3"}],"replies":[{"embeddable":true,"href":"https:\/\/www.confere.org.br\/wordpress\/wp-json\/wp\/v2\/comments?post=7783"}],"version-history":[{"count":6,"href":"https:\/\/www.confere.org.br\/wordpress\/wp-json\/wp\/v2\/posts\/7783\/revisions"}],"predecessor-version":[{"id":7813,"href":"https:\/\/www.confere.org.br\/wordpress\/wp-json\/wp\/v2\/posts\/7783\/revisions\/7813"}],"wp:featuredmedia":[{"embeddable":true,"href":"https:\/\/www.confere.org.br\/wordpress\/wp-json\/wp\/v2\/media\/5525"}],"wp:attachment":[{"href":"https:\/\/www.confere.org.br\/wordpress\/wp-json\/wp\/v2\/media?parent=7783"}],"wp:term":[{"taxonomy":"category","embeddable":true,"href":"https:\/\/www.confere.org.br\/wordpress\/wp-json\/wp\/v2\/categories?post=7783"},{"taxonomy":"post_tag","embeddable":true,"href":"https:\/\/www.confere.org.br\/wordpress\/wp-json\/wp\/v2\/tags?post=7783"}],"curies":[{"name":"wp","href":"https:\/\/api.w.org\/{rel}","templated":true}]}}