{"id":7814,"date":"2022-07-08T08:47:37","date_gmt":"2022-07-08T11:47:37","guid":{"rendered":"https:\/\/www.confere.org.br\/wordpress\/?p=7814"},"modified":"2022-07-08T08:47:38","modified_gmt":"2022-07-08T11:47:38","slug":"cni-eleva-para-14-projecao-de-crescimento-do-pib-em-2022","status":"publish","type":"post","link":"https:\/\/www.confere.org.br\/wordpress\/cni-eleva-para-14-projecao-de-crescimento-do-pib-em-2022\/","title":{"rendered":"CNI eleva para 1,4% proje\u00e7\u00e3o de crescimento do PIB em 2022"},"content":{"rendered":"\n<p>A melhoria do mercado de trabalho e o aumento da demanda do setor de servi\u00e7os fizeram a Confedera\u00e7\u00e3o Nacional da Ind\u00fastria (CNI) elevar a proje\u00e7\u00e3o de crescimento da economia neste ano. Segundo o Informe Conjuntural do 2\u00ba Trimestre, divulgado&nbsp;hoje&nbsp;(8) pela entidade, a estimativa passou de 0,9% em abril para 1,4% em julho.<img src=\"https:\/\/agenciabrasil.ebc.com.br\/ebc.png?id=1469889&amp;o=node\"><img src=\"https:\/\/agenciabrasil.ebc.com.br\/ebc.gif?id=1469889&amp;o=node\"><\/p>\n\n\n\n<p>No fim do ano passado, a CNI tinha projetado crescimento de 1,2%. No entanto, a guerra na Ucr\u00e2nia e os&nbsp;<em>lockdowns<\/em>&nbsp;na China levaram a institui\u00e7\u00e3o&nbsp;a reduzir a previs\u00e3o para 0,9% h\u00e1 tr\u00eas meses. As previs\u00f5es foram baseadas no desempenho da economia no primeiro trimestre. No entanto, o gerente executivo de Economia da CNI, M\u00e1rio S\u00e9rgio Telles, diz que os dados do segundo trimestre, dispon\u00edveis at\u00e9 o momento, permitem esperar a continuidade do desempenho.<\/p>\n\n\n\n<p>De acordo com a CNI, a recupera\u00e7\u00e3o do mercado de trabalho continua, com o emprego formal em eleva\u00e7\u00e3o desde 2020, com 97,5 milh\u00f5es de pessoas ocupadas. Apesar da infla\u00e7\u00e3o elevada, o rendimento m\u00e9dio real tamb\u00e9m est\u00e1 crescendo. Esses dados fizeram a entidade reduzir, de 12,9% para 10,8%, a expectativa da taxa m\u00e9dia de desemprego em 2022. A previs\u00e3o de crescimento da massa salarial real (acima da infla\u00e7\u00e3o) subiu de 1,4% para 1,6% neste ano.<\/p>\n\n\n\n<h4><br>Setores<\/h4>\n\n\n\n<p>Em rela\u00e7\u00e3o aos setores da economia, a CNI tamb\u00e9m revisou para cima as proje\u00e7\u00f5es do Produto Interno Bruto (PIB) de alguns segmentos. Para os servi\u00e7os, a previs\u00e3o de crescimento aumentou de 1,2% para 1,8%, impulsionada pela normaliza\u00e7\u00e3o p\u00f3s-pandemia.<\/p>\n\n\n\n<p>Em rela\u00e7\u00e3o \u00e0 ind\u00fastria, a estimativa passou de queda de 0,2% para alta de 0,2% em 2022. Segundo a entidade, o setor industrial registrou altas moderadas na produ\u00e7\u00e3o no primeiro trimestre, com maior dinamismo em ind\u00fastrias ligadas ao processamento de&nbsp;<em>commodities<\/em>&nbsp;(bens prim\u00e1rios com cota\u00e7\u00e3o internacional).<\/p>\n\n\n\n<p>O destaque negativo ficou com a agropecu\u00e1ria, cuja proje\u00e7\u00e3o passou de expans\u00e3o de 1,3% para estabilidade (0%). Segundo a CNI, a revis\u00e3o para baixo decorre por causa de eventos clim\u00e1ticos adversos que prejudicaram a safra de soja no in\u00edcio do ano.<\/p>\n\n\n\n<h4><br>Infla\u00e7\u00e3o e juros<\/h4>\n\n\n\n<p>A estimativa para a infla\u00e7\u00e3o oficial pelo \u00cdndice Nacional de Pre\u00e7os ao Consumidor Amplo (IPCA) passou de 6,3% para 7,6% em 2022. A nova proje\u00e7\u00e3o considera o barateamento de pre\u00e7os decorrente da redu\u00e7\u00e3o do Imposto sobre Circula\u00e7\u00e3o de Mercadorias e Servi\u00e7os (ICMS) de combust\u00edveis, energia el\u00e9trica, telecomunica\u00e7\u00f5es e transporte coletivo.<\/p>\n\n\n\n<p>Em rela\u00e7\u00e3o aos juros b\u00e1sicos da economia, a CNI acredita que o aperto monet\u00e1rio promovido pelo Banco Central ainda n\u00e3o chegou ao fim. A institui\u00e7\u00e3o acredita que a taxa Selic, atualmente em 13,25% ao ano, subir\u00e1 0,5 ponto percentual na pr\u00f3xima reuni\u00e3o do Comit\u00ea de Pol\u00edtica Monet\u00e1ria (Copom) e encerrar\u00e1 2022 em 13,75% ao ano.<\/p>\n\n\n\n<h4><br>Fatores transit\u00f3rios<\/h4>\n\n\n\n<p>Segundo o gerente executivo de Economia da CNI, alguns fatores transit\u00f3rios ajudaram a aquecer a economia no primeiro trimestre. Ele cita o adiantamento do d\u00e9cimo terceiro para aposentados e pensionistas da Previd\u00eancia Social, a libera\u00e7\u00e3o de saques de R$ 1 mil do Fundo de Garantia do Tempo de Servi\u00e7o, a retomada do pagamento do abono salarial (suspenso no ano passado) e o aumento das transfer\u00eancias diretas de renda, provocado principalmente pelo benef\u00edcio de R$ 400 do Aux\u00edlio Brasil.<\/p>\n\n\n\n<p><br><br>Fonte: <a href=\"https:\/\/agenciabrasil.ebc.com.br\/economia\/noticia\/2022-07\/cni-eleva-para-14-projecao-de-crescimento-do-pib-em-2022\" target=\"_blank\" rel=\"noreferrer noopener\">Ag\u00eancia Brasil<\/a><\/p>\n","protected":false},"excerpt":{"rendered":"<p>Melhoria no emprego e no setor de servi\u00e7os justifica aumento<\/p>\n","protected":false},"author":3,"featured_media":5813,"comment_status":"closed","ping_status":"closed","sticky":false,"template":"","format":"standard","meta":[],"categories":[2],"tags":[],"_links":{"self":[{"href":"https:\/\/www.confere.org.br\/wordpress\/wp-json\/wp\/v2\/posts\/7814"}],"collection":[{"href":"https:\/\/www.confere.org.br\/wordpress\/wp-json\/wp\/v2\/posts"}],"about":[{"href":"https:\/\/www.confere.org.br\/wordpress\/wp-json\/wp\/v2\/types\/post"}],"author":[{"embeddable":true,"href":"https:\/\/www.confere.org.br\/wordpress\/wp-json\/wp\/v2\/users\/3"}],"replies":[{"embeddable":true,"href":"https:\/\/www.confere.org.br\/wordpress\/wp-json\/wp\/v2\/comments?post=7814"}],"version-history":[{"count":1,"href":"https:\/\/www.confere.org.br\/wordpress\/wp-json\/wp\/v2\/posts\/7814\/revisions"}],"predecessor-version":[{"id":7815,"href":"https:\/\/www.confere.org.br\/wordpress\/wp-json\/wp\/v2\/posts\/7814\/revisions\/7815"}],"wp:featuredmedia":[{"embeddable":true,"href":"https:\/\/www.confere.org.br\/wordpress\/wp-json\/wp\/v2\/media\/5813"}],"wp:attachment":[{"href":"https:\/\/www.confere.org.br\/wordpress\/wp-json\/wp\/v2\/media?parent=7814"}],"wp:term":[{"taxonomy":"category","embeddable":true,"href":"https:\/\/www.confere.org.br\/wordpress\/wp-json\/wp\/v2\/categories?post=7814"},{"taxonomy":"post_tag","embeddable":true,"href":"https:\/\/www.confere.org.br\/wordpress\/wp-json\/wp\/v2\/tags?post=7814"}],"curies":[{"name":"wp","href":"https:\/\/api.w.org\/{rel}","templated":true}]}}