{"id":7821,"date":"2022-07-10T09:12:28","date_gmt":"2022-07-10T12:12:28","guid":{"rendered":"https:\/\/www.confere.org.br\/wordpress\/?p=7821"},"modified":"2022-07-11T17:28:13","modified_gmt":"2022-07-11T20:28:13","slug":"ii-reuniao-plenaria-ordinaria","status":"publish","type":"post","link":"https:\/\/www.confere.org.br\/wordpress\/ii-reuniao-plenaria-ordinaria\/","title":{"rendered":"II Reuni\u00e3o Plen\u00e1ria Ordin\u00e1ria"},"content":{"rendered":"\n<p>Em tr\u00eas dias de reuni\u00e3o presencial, diversos assuntos foram deliberados pelo colegiado.<\/p>\n\n\n\n<p>No dia 4 de julho, em aten\u00e7\u00e3o \u00e0 Lei n\u00ba 4.886\/65 e ao novo Regimento Interno, foi realizada elei\u00e7\u00e3o para o cargo de Diretor-Secret\u00e1rio e para composi\u00e7\u00e3o da Comiss\u00e3o Fiscal do Conselho Federal.<\/p>\n\n\n\n<p>Jo\u00e3o Pedro da Silva Rosa, delegado por Santa Catarina, foi eleito, pela unanimidade do Plen\u00e1rio do Confere, como Diretor-Secret\u00e1rio e a Comiss\u00e3o Fiscal, tamb\u00e9m eleita por unanimidade, para o tri\u00eanio 2022\/2025, ficou, assim, composta:<\/p>\n\n\n\n<p><strong>Comiss\u00e3o Fiscal<\/strong><\/p>\n\n\n\n<p>1\u00ba membro efetivo, na qualidade de presidente: Alexandre Ferreira Lopes (Maranh\u00e3o)<\/p>\n\n\n\n<p>2\u00ba membro efetivo: Jos\u00e9 Ant\u00f4nio de Ara\u00fajo (Piau\u00ed)<\/p>\n\n\n\n<p>3\u00ba membro efetivo: Francisco Sales de Souza Neto (Rio Grande do Norte)<\/p>\n\n\n\n<p>1\u00ba membro suplente: Josias da Silveira Fran\u00e7a (Rond\u00f4nia)<\/p>\n\n\n\n<p><a href=\"https:\/\/www.confere.org.br\/estrutura.php\" target=\"_blank\" rel=\"noreferrer noopener\">Confira aqui a Estrutura completa do novo Confere.<\/a><\/p>\n\n\n\n<figure class=\"wp-block-image size-large\"><img width=\"1024\" height=\"804\" src=\"https:\/\/www.confere.org.br\/wordpress\/wp-content\/uploads\/2022\/07\/diretoria-completa-1024x804.jpg\" alt=\"\" class=\"wp-image-7822\" srcset=\"https:\/\/www.confere.org.br\/wordpress\/wp-content\/uploads\/2022\/07\/diretoria-completa-1024x804.jpg 1024w, https:\/\/www.confere.org.br\/wordpress\/wp-content\/uploads\/2022\/07\/diretoria-completa-300x236.jpg 300w, https:\/\/www.confere.org.br\/wordpress\/wp-content\/uploads\/2022\/07\/diretoria-completa-768x603.jpg 768w, https:\/\/www.confere.org.br\/wordpress\/wp-content\/uploads\/2022\/07\/diretoria-completa.jpg 1086w\" sizes=\"(max-width: 1024px) 100vw, 1024px\" \/><figcaption><em>Diretoria-Executiva e Comiss\u00e3o Fiscal do Confere<\/em><\/figcaption><\/figure>\n\n\n\n<p><\/p>\n\n\n\n<p>Dentre outros temas, foi discutida e aprovada a atualiza\u00e7\u00e3o do Plano de A\u00e7\u00e3o 2022 do Confere.<\/p>\n\n\n\n<p>Sobre a Comenda Dr. Pl\u00ednio Affonso de Farias Mello, foi aprovada nova resolu\u00e7\u00e3o, para ampliar o acesso e a participa\u00e7\u00e3o na honraria. Uma nova comiss\u00e3o foi formada, \u201cComiss\u00e3o de Honraria\u201d, a quem compete julgar as indica\u00e7\u00f5es.<\/p>\n\n\n\n<p>Os seguintes delegados comp\u00f5em a Comiss\u00e3o de Honraria:<\/p>\n\n\n\n<p>Arthur Georges Guillou (Alagoas), C\u00e9lio Ribeiro Silva (Goi\u00e1s), Marcos Antonio de Oliveira Silva (Para\u00edba), Emerson Natal de Almeida Sousa (Sergipe) e Wiliam Vicente Bernardes (Distrito Federal).<\/p>\n\n\n\n<figure class=\"wp-block-image size-large\"><img width=\"1024\" height=\"682\" src=\"https:\/\/www.confere.org.br\/wordpress\/wp-content\/uploads\/2022\/07\/comissao-1024x682.jpg\" alt=\"\" class=\"wp-image-7824\" srcset=\"https:\/\/www.confere.org.br\/wordpress\/wp-content\/uploads\/2022\/07\/comissao-1024x682.jpg 1024w, https:\/\/www.confere.org.br\/wordpress\/wp-content\/uploads\/2022\/07\/comissao-300x200.jpg 300w, https:\/\/www.confere.org.br\/wordpress\/wp-content\/uploads\/2022\/07\/comissao-768x512.jpg 768w, https:\/\/www.confere.org.br\/wordpress\/wp-content\/uploads\/2022\/07\/comissao.jpg 1280w\" sizes=\"(max-width: 1024px) 100vw, 1024px\" \/><figcaption><em>Comiss\u00e3o de Honraria<\/em><\/figcaption><\/figure>\n\n\n\n<p><\/p>\n\n\n\n<p>Ainda no dia 4 de julho, os delegados Jos\u00e9 Pereira Filho e Abel de Souza Barbosa, que se despedem do Sistema Confere\/Cores, foram homenageados com um Certificado, em reconhecimento \u00e0s a\u00e7\u00f5es de lideran\u00e7a institucional junto ao Core-MT<br>e \u00e0s a\u00e7\u00f5es empresariais\u00a0que desenvolvem em prol do\u00a0setor econ\u00f4mico da Representa\u00e7\u00e3o Comercial no Estado\u00a0de Mato Grosso.<\/p>\n\n\n\n<figure class=\"wp-block-image size-large\"><img width=\"1024\" height=\"682\" src=\"https:\/\/www.confere.org.br\/wordpress\/wp-content\/uploads\/2022\/07\/delegados-mt-1024x682.jpg\" alt=\"\" class=\"wp-image-7823\" srcset=\"https:\/\/www.confere.org.br\/wordpress\/wp-content\/uploads\/2022\/07\/delegados-mt-1024x682.jpg 1024w, https:\/\/www.confere.org.br\/wordpress\/wp-content\/uploads\/2022\/07\/delegados-mt-300x200.jpg 300w, https:\/\/www.confere.org.br\/wordpress\/wp-content\/uploads\/2022\/07\/delegados-mt-768x512.jpg 768w, https:\/\/www.confere.org.br\/wordpress\/wp-content\/uploads\/2022\/07\/delegados-mt.jpg 1280w\" sizes=\"(max-width: 1024px) 100vw, 1024px\" \/><\/figure>\n\n\n\n<p><\/p>\n\n\n\n<p>No dia 5 de julho, dentre as tomadas de decis\u00f5es, destacamos a aprova\u00e7\u00e3o dos Manuais de Conduta para os conselheiros das Entidades integrantes do Sistema Confere\/Cores e para os empregados dos Conselhos integrantes do Sistema Confere\/Cores.<\/p>\n\n\n\n<p>Para Sidney Gutierrez, diretor-tesoureiro do Confere, as Entidades do Sistema Confere\/Cores buscam refor\u00e7ar o compromisso de exercer uma gest\u00e3o \u00e9tica e transparente \u2013 tanto no que se refere aos recursos financeiros e humanos, como no atendimento a todos os profissionais registrados: \u201cNosso objetivo \u00e9 promover as boas pr\u00e1ticas de governan\u00e7a e de gest\u00e3o, especialmente na \u00e1rea de integridade\u201d, frisou.<\/p>\n\n\n\n<p>E no dia 6 de julho, os delegados encerraram uma extensa pauta.<\/p>\n\n\n\n<figure class=\"wp-block-image size-large\"><img width=\"1024\" height=\"683\" src=\"https:\/\/www.confere.org.br\/wordpress\/wp-content\/uploads\/2022\/07\/DSC_7252-1024x683.jpg\" alt=\"\" class=\"wp-image-7839\" srcset=\"https:\/\/www.confere.org.br\/wordpress\/wp-content\/uploads\/2022\/07\/DSC_7252-1024x683.jpg 1024w, https:\/\/www.confere.org.br\/wordpress\/wp-content\/uploads\/2022\/07\/DSC_7252-300x200.jpg 300w, https:\/\/www.confere.org.br\/wordpress\/wp-content\/uploads\/2022\/07\/DSC_7252-768x512.jpg 768w, https:\/\/www.confere.org.br\/wordpress\/wp-content\/uploads\/2022\/07\/DSC_7252-1536x1024.jpg 1536w, https:\/\/www.confere.org.br\/wordpress\/wp-content\/uploads\/2022\/07\/DSC_7252-1568x1045.jpg 1568w, https:\/\/www.confere.org.br\/wordpress\/wp-content\/uploads\/2022\/07\/DSC_7252.jpg 1920w\" sizes=\"(max-width: 1024px) 100vw, 1024px\" \/><\/figure>\n\n\n\n<p><\/p>\n\n\n\n<p>Houve, ainda, o julgamento de um Processo \u00c9tico Disciplinar e apresenta\u00e7\u00e3o aos delegados do aplicativo PROID, vers\u00e3o eletr\u00f4nica da carteira profissional, desenvolvida pelo Serpro, em parceria com o Confere.<\/p>\n\n\n\n<figure class=\"wp-block-image size-large\"><img width=\"1024\" height=\"683\" src=\"https:\/\/www.confere.org.br\/wordpress\/wp-content\/uploads\/2022\/07\/DSC_7312-1024x683.jpg\" alt=\"\" class=\"wp-image-7836\" srcset=\"https:\/\/www.confere.org.br\/wordpress\/wp-content\/uploads\/2022\/07\/DSC_7312-1024x683.jpg 1024w, https:\/\/www.confere.org.br\/wordpress\/wp-content\/uploads\/2022\/07\/DSC_7312-300x200.jpg 300w, https:\/\/www.confere.org.br\/wordpress\/wp-content\/uploads\/2022\/07\/DSC_7312-768x512.jpg 768w, https:\/\/www.confere.org.br\/wordpress\/wp-content\/uploads\/2022\/07\/DSC_7312-1536x1024.jpg 1536w, https:\/\/www.confere.org.br\/wordpress\/wp-content\/uploads\/2022\/07\/DSC_7312-1568x1045.jpg 1568w, https:\/\/www.confere.org.br\/wordpress\/wp-content\/uploads\/2022\/07\/DSC_7312.jpg 1920w\" sizes=\"(max-width: 1024px) 100vw, 1024px\" \/><\/figure>\n\n\n\n<p><\/p>\n\n\n\n<p><\/p>\n\n\n\n<p><\/p>\n\n\n\n<p>Leia tamb\u00e9m: <a href=\"https:\/\/www.confere.org.br\/destaques.php?p=7759\" target=\"_blank\" rel=\"noreferrer noopener\">Deputados prestigiam Plen\u00e1ria do Confere<\/a><\/p>\n","protected":false},"excerpt":{"rendered":"<p>De 4 a 6 de julho, o Confere realizou a II Reuni\u00e3o Plen\u00e1ria Ordin\u00e1ria, em Bras\u00edlia.<\/p>\n","protected":false},"author":3,"featured_media":7740,"comment_status":"closed","ping_status":"closed","sticky":false,"template":"","format":"standard","meta":[],"categories":[34,49,17],"tags":[],"_links":{"self":[{"href":"https:\/\/www.confere.org.br\/wordpress\/wp-json\/wp\/v2\/posts\/7821"}],"collection":[{"href":"https:\/\/www.confere.org.br\/wordpress\/wp-json\/wp\/v2\/posts"}],"about":[{"href":"https:\/\/www.confere.org.br\/wordpress\/wp-json\/wp\/v2\/types\/post"}],"author":[{"embeddable":true,"href":"https:\/\/www.confere.org.br\/wordpress\/wp-json\/wp\/v2\/users\/3"}],"replies":[{"embeddable":true,"href":"https:\/\/www.confere.org.br\/wordpress\/wp-json\/wp\/v2\/comments?post=7821"}],"version-history":[{"count":15,"href":"https:\/\/www.confere.org.br\/wordpress\/wp-json\/wp\/v2\/posts\/7821\/revisions"}],"predecessor-version":[{"id":7864,"href":"https:\/\/www.confere.org.br\/wordpress\/wp-json\/wp\/v2\/posts\/7821\/revisions\/7864"}],"wp:featuredmedia":[{"embeddable":true,"href":"https:\/\/www.confere.org.br\/wordpress\/wp-json\/wp\/v2\/media\/7740"}],"wp:attachment":[{"href":"https:\/\/www.confere.org.br\/wordpress\/wp-json\/wp\/v2\/media?parent=7821"}],"wp:term":[{"taxonomy":"category","embeddable":true,"href":"https:\/\/www.confere.org.br\/wordpress\/wp-json\/wp\/v2\/categories?post=7821"},{"taxonomy":"post_tag","embeddable":true,"href":"https:\/\/www.confere.org.br\/wordpress\/wp-json\/wp\/v2\/tags?post=7821"}],"curies":[{"name":"wp","href":"https:\/\/api.w.org\/{rel}","templated":true}]}}